{"id":28067,"date":"2025-02-13T11:05:33","date_gmt":"2025-02-13T16:05:33","guid":{"rendered":"https:\/\/sacramentoqr.com\/?p=28067"},"modified":"2025-02-13T16:05:34","modified_gmt":"2025-02-13T16:05:34","slug":"scarlett-johansson-pide-regular-la-ia-tras-video-falso","status":"publish","type":"post","link":"https:\/\/sacramentoqr.com\/?p=28067","title":{"rendered":"Scarlett Johansson pide regular la IA tras video falso"},"content":{"rendered":"<p>\ud83d\udd38 La actriz consider\u00f3 \u201caterrador\u201d que EE.UU. est\u00e9 \u201cparalizado\u201d a la hora de aprobar una legislaci\u00f3n que proteja contra los peligros de la Inteligencia Artificial<\/p>\n<p>#ESPECT\u00c1CULOS | La actriz estadounidense Scarlett Johansson, quien ha sido v\u00edctima en el pasado de la inteligencia artificial (IA), pidi\u00f3 al Gobierno de EE.UU. que regule mediante leyes el uso de la IA tras hacerse viral un video falso en el que ella y otras celebridades jud\u00edas critican las recientes declaraciones antisemitas del rapero Ye (antes Kanye West).<\/p>\n<p>La actriz subray\u00f3 que \u201cmuchos pa\u00edses progresistas, entre los que no se incluye Estados Unidos, han respondido de una manera responsable\u201d para poner l\u00edmites a la inteligencia artificial ante su creciente popularidad.<\/p>\n<p>En este sentido, opin\u00f3 que es \u201caterrador\u201d que el pa\u00eds est\u00e9 \u201cparalizado\u201d a la hora de aprobar una legislaci\u00f3n que proteja a sus ciudadanos contra los peligros de esta tecnolog\u00eda.<\/p>\n<p>Por ello, inst\u00f3 al Gobierno del pa\u00eds a que la aprobaci\u00f3n de leyes que limiten el uso de la inteligencia artificial sea \u201cuna prioridad absoluta\u201d.<\/p>\n<p>\u201cDebemos denunciar el mal uso de la IA, sin importar su mensaje, o corremos el riesgo de perder el control de la realidad\u201d, incidi\u00f3.<\/p>\n<p>El video que circula por las redes sociales est\u00e1 generado con la IA israel\u00ed Ori Bejeran y muestra a Johansson y otros famosos como Drake, David Schwimmer, Mark Zuckerberg o Steven Spielberg llevando una camiseta con una mano que ense\u00f1a el dedo de en medio, junto a una estrella de David y el nombre del rapero en may\u00fasculas.<\/p>\n<p>Las im\u00e1genes, que terminan con el mensaje \u201c\u00danete a la lucha contra el antisemitismo\u201d, responden a las recientes publicaciones en X del rapero en las que lanzaba mensajes de odio hacia la comunidad jud\u00eda y proclamaba ser nazi.<\/p>\n<p>A esto se suma que el domingo el artista estren\u00f3 durante la Super Bowl un anuncio de su marca Yeezy.com que promocionaba la venta de una camiseta con una esv\u00e1stica.<\/p>\n<p>Esta no es la primera vez que Johansson ha sido v\u00edctima de la IA: el a\u00f1o pasado, OpenAI present\u00f3 una voz de su ChatGPT muy parecida a la de la actriz, que al final fue eliminada temporalmente tras las quejas de Johansson.<\/p>\n<p>Adem\u00e1s, en 2023 emprendi\u00f3 acciones legales contra otra aplicaci\u00f3n de IA llamada Lisa AI: 90s Yearbook &amp; Avatar, que us\u00f3 su imagen y su voz sin su permiso.<\/p>\n<p>Al respecto, Johansson expres\u00f3 que \u201cpor desgracia\u201d, ha \u201csido una v\u00edctima muy p\u00fablica de la inteligencia artificial, pero lo cierto es que nos afecta a todos y cada uno de nosotros\u201d.<\/p>\n","protected":false},"excerpt":{"rendered":"<p>\ud83d\udd38 La actriz consider\u00f3 \u201caterrador\u201d que EE.UU. est\u00e9 \u201cparalizado\u201d a la hora de aprobar una&#8230;<\/p>\n","protected":false},"author":1,"featured_media":28069,"comment_status":"open","ping_status":"closed","sticky":false,"template":"","format":"standard","meta":{"footnotes":""},"categories":[4],"tags":[],"class_list":["post-28067","post","type-post","status-publish","format-standard","has-post-thumbnail","hentry","category-espectaculos"],"_links":{"self":[{"href":"https:\/\/sacramentoqr.com\/index.php?rest_route=\/wp\/v2\/posts\/28067","targetHints":{"allow":["GET"]}}],"collection":[{"href":"https:\/\/sacramentoqr.com\/index.php?rest_route=\/wp\/v2\/posts"}],"about":[{"href":"https:\/\/sacramentoqr.com\/index.php?rest_route=\/wp\/v2\/types\/post"}],"author":[{"embeddable":true,"href":"https:\/\/sacramentoqr.com\/index.php?rest_route=\/wp\/v2\/users\/1"}],"replies":[{"embeddable":true,"href":"https:\/\/sacramentoqr.com\/index.php?rest_route=%2Fwp%2Fv2%2Fcomments&post=28067"}],"version-history":[{"count":1,"href":"https:\/\/sacramentoqr.com\/index.php?rest_route=\/wp\/v2\/posts\/28067\/revisions"}],"predecessor-version":[{"id":28068,"href":"https:\/\/sacramentoqr.com\/index.php?rest_route=\/wp\/v2\/posts\/28067\/revisions\/28068"}],"wp:featuredmedia":[{"embeddable":true,"href":"https:\/\/sacramentoqr.com\/index.php?rest_route=\/wp\/v2\/media\/28069"}],"wp:attachment":[{"href":"https:\/\/sacramentoqr.com\/index.php?rest_route=%2Fwp%2Fv2%2Fmedia&parent=28067"}],"wp:term":[{"taxonomy":"category","embeddable":true,"href":"https:\/\/sacramentoqr.com\/index.php?rest_route=%2Fwp%2Fv2%2Fcategories&post=28067"},{"taxonomy":"post_tag","embeddable":true,"href":"https:\/\/sacramentoqr.com\/index.php?rest_route=%2Fwp%2Fv2%2Ftags&post=28067"}],"curies":[{"name":"wp","href":"https:\/\/api.w.org\/{rel}","templated":true}]}}