{"id":28122,"date":"2025-02-17T11:05:56","date_gmt":"2025-02-17T16:05:56","guid":{"rendered":"https:\/\/sacramentoqr.com\/?p=28122"},"modified":"2025-02-17T16:05:57","modified_gmt":"2025-02-17T16:05:57","slug":"miriam-cano-fortalece-la-union-con-la-comunidad-cochimi-de-santa-gertrudis","status":"publish","type":"post","link":"https:\/\/sacramentoqr.com\/?p=28122","title":{"rendered":"Miriam Cano fortalece la uni\u00f3n con la comunidad Cochim\u00ed de Santa Gertrudis"},"content":{"rendered":"<p>\ud83d\udd38 La presidenta municipal de San Quint\u00edn destaca el compromiso y el trabajo conjunto con las comunidades locales para avanzar en proyectos de beneficio com\u00fan.<\/p>\n<p>#BAJACALIFORNIA | Miriam Cano, presidenta municipal de San Quint\u00edn, comparti\u00f3 su experiencia tras reunirse con la comunidad cochim\u00ed de Santa Gertrudis, un encuentro que describi\u00f3 como enriquecedor y lleno de aprendizaje. Cano destac\u00f3 que la reuni\u00f3n permiti\u00f3 estrechar lazos con los miembros de esta comunidad, escuchar sus inquietudes y continuar trabajando en la implementaci\u00f3n de proyectos que beneficien a todos.<\/p>\n<p>A trav\u00e9s de sus redes sociales, la presidenta municipal expres\u00f3 su agradecimiento por la calidez y hospitalidad de los integrantes de Santa Gertrudis, quienes, seg\u00fan Cano, le brindaron su confianza y tiempo para colaborar en la creaci\u00f3n de soluciones que respondan a las necesidades locales. La reuni\u00f3n fue una oportunidad para profundizar en los sue\u00f1os y preocupaciones de los cochim\u00ed, reafirmando el compromiso de la administraci\u00f3n municipal de trabajar con amor, respeto y dedicaci\u00f3n por el bienestar de todos.<\/p>\n<p>\u201cCada conversaci\u00f3n, cada experiencia compartida, es una oportunidad para seguir trabajando con el coraz\u00f3n, entendiendo m\u00e1s profundamente las necesidades y sue\u00f1os de todos\u00bb, afirm\u00f3 Miriam Cano. La presidenta finaliz\u00f3 su mensaje reafirmando su convicci\u00f3n de que, unidos, se pueden lograr grandes cosas, asegurando que su equipo seguir\u00e1 avanzando en proyectos que promuevan el bienestar y el desarrollo de las comunidades de San Quint\u00edn.<\/p>\n","protected":false},"excerpt":{"rendered":"<p>\ud83d\udd38 La presidenta municipal de San Quint\u00edn destaca el compromiso y el trabajo conjunto con&#8230;<\/p>\n","protected":false},"author":1,"featured_media":28124,"comment_status":"open","ping_status":"closed","sticky":false,"template":"","format":"standard","meta":{"footnotes":""},"categories":[37],"tags":[],"class_list":["post-28122","post","type-post","status-publish","format-standard","has-post-thumbnail","hentry","category-baja-california"],"_links":{"self":[{"href":"https:\/\/sacramentoqr.com\/index.php?rest_route=\/wp\/v2\/posts\/28122","targetHints":{"allow":["GET"]}}],"collection":[{"href":"https:\/\/sacramentoqr.com\/index.php?rest_route=\/wp\/v2\/posts"}],"about":[{"href":"https:\/\/sacramentoqr.com\/index.php?rest_route=\/wp\/v2\/types\/post"}],"author":[{"embeddable":true,"href":"https:\/\/sacramentoqr.com\/index.php?rest_route=\/wp\/v2\/users\/1"}],"replies":[{"embeddable":true,"href":"https:\/\/sacramentoqr.com\/index.php?rest_route=%2Fwp%2Fv2%2Fcomments&post=28122"}],"version-history":[{"count":1,"href":"https:\/\/sacramentoqr.com\/index.php?rest_route=\/wp\/v2\/posts\/28122\/revisions"}],"predecessor-version":[{"id":28123,"href":"https:\/\/sacramentoqr.com\/index.php?rest_route=\/wp\/v2\/posts\/28122\/revisions\/28123"}],"wp:featuredmedia":[{"embeddable":true,"href":"https:\/\/sacramentoqr.com\/index.php?rest_route=\/wp\/v2\/media\/28124"}],"wp:attachment":[{"href":"https:\/\/sacramentoqr.com\/index.php?rest_route=%2Fwp%2Fv2%2Fmedia&parent=28122"}],"wp:term":[{"taxonomy":"category","embeddable":true,"href":"https:\/\/sacramentoqr.com\/index.php?rest_route=%2Fwp%2Fv2%2Fcategories&post=28122"},{"taxonomy":"post_tag","embeddable":true,"href":"https:\/\/sacramentoqr.com\/index.php?rest_route=%2Fwp%2Fv2%2Ftags&post=28122"}],"curies":[{"name":"wp","href":"https:\/\/api.w.org\/{rel}","templated":true}]}}