{"id":28338,"date":"2025-02-25T10:04:18","date_gmt":"2025-02-25T15:04:18","guid":{"rendered":"https:\/\/sacramentoqr.com\/?p=28338"},"modified":"2025-02-25T15:04:20","modified_gmt":"2025-02-25T15:04:20","slug":"luis-felipe-tovar-cree-que-karla-sofia-gascon-debio-competir-como-mejor-actor-en-los-oscar","status":"publish","type":"post","link":"https:\/\/sacramentoqr.com\/?p=28338","title":{"rendered":"Luis Felipe Tovar cree que Karla Sof\u00eda Gasc\u00f3n debi\u00f3 competir como Mejor Actor en los Oscar"},"content":{"rendered":"<p>\ud83d\udd38 El famoso comparti\u00f3 su opini\u00f3n respecto a la nominaci\u00f3n que obtuvo la espa\u00f1ola a Mejor Actriz en los premios Oscar<\/p>\n<p>#ESPECT\u00c1CULOS | La pel\u00edcula Emilia P\u00e9rez se ha convertido en una de las m\u00e1s reconocidas en esta temporada de premios, acumulando nominaciones y galardones. Sin embargo, la cinta no ha estado exenta de controversia, especialmente por la nominaci\u00f3n de Karla Sof\u00eda Gasc\u00f3n, quien hizo historia al ser la primera mujer trans en ser nominada en los premios Oscar.<\/p>\n<p>La nominaci\u00f3n de Gasc\u00f3n a Mejor Actriz en los premios Oscar ha generado cr\u00edticas despu\u00e9s de que se dieran a conocer sus pol\u00e9micos tuits por el que ha sido tachada de racista.<\/p>\n<p>Recientemente, el actor Luis Felipe Tovar expres\u00f3 su desacuerdo sobre la categor\u00eda en la que compite la actriz. Seg\u00fan \u00e9l, hubiera sido m\u00e1s adecuado que participara en la categor\u00eda de Mejor Actor, lo que permitir\u00eda que otra actriz ocupara su lugar en la lista de nominadas.<\/p>\n<p>En un reciente encuentro con un reportero, Luis Felipe Tovar comparti\u00f3 su opini\u00f3n respecto a la categor\u00eda en la que compite la actriz espa\u00f1ola.<\/p>\n<p>Adem\u00e1s, Tovar se\u00f1al\u00f3 que cada persona es responsable de sus palabras y que, en este caso, las publicaciones pasadas de Gasc\u00f3n tuvieron consecuencias.<\/p>\n<p>\u201cYo creo que uno es pr\u00edncipe de su silencio y esclavo de sus propias palabras. Todo lo que en alg\u00fan momento uno dice tiene consecuencias, hay quienes dicen que siempre hay un tuit y eso fue lo que apareci\u00f3 en su vida. Por eso hay que tener mucho cuidado de ser respetuoso con todos porque no sabes cu\u00e1ndo los vas a necesitar\u201d.<\/p>\n<p>En cuanto a la nominaci\u00f3n de Karla Sof\u00eda Gasc\u00f3n en los Oscar, el famoso coment\u00f3 que la actriz hubiera competido en la categor\u00eda de Mejor Actor para, seg\u00fan \u00e9l, darle la oportunidad a otra famosa de estar en la competencia.<\/p>\n<p>\u201cEsa nominaci\u00f3n debi\u00f3 haber ca\u00eddo en una oportunidad para una actriz, me hubiera gustado que ella compitiera en la categor\u00eda de Mejor Actor\u201d, coment\u00f3 el actor.<\/p>\n<p>A pesar de que Karla Sof\u00eda Gasc\u00f3n ha mantenido un perfil bajo en las \u00faltimas semanas, la duda sobre su asistencia a los Premios Oscar 2025 ha sido una de las grandes inc\u00f3gnitas. De acuerdo con la revista Variety, la actriz s\u00ed asistir\u00e1 a la ceremonia, que celebrar\u00e1 su edici\u00f3n n\u00famero 97.<\/p>\n<p>Adem\u00e1s, se ha revelado que Netflix cubrir\u00e1 los gastos relacionados con su asistencia. Sin embargo, a\u00fan no se han dado detalles sobre su ubicaci\u00f3n dentro del evento ni si compartir\u00e1 espacio con el resto del elenco de Emilia P\u00e9rez.<\/p>\n","protected":false},"excerpt":{"rendered":"<p>\ud83d\udd38 El famoso comparti\u00f3 su opini\u00f3n respecto a la nominaci\u00f3n que obtuvo la espa\u00f1ola a&#8230;<\/p>\n","protected":false},"author":1,"featured_media":28340,"comment_status":"open","ping_status":"closed","sticky":false,"template":"","format":"standard","meta":{"footnotes":""},"categories":[4],"tags":[],"class_list":["post-28338","post","type-post","status-publish","format-standard","has-post-thumbnail","hentry","category-espectaculos"],"_links":{"self":[{"href":"https:\/\/sacramentoqr.com\/index.php?rest_route=\/wp\/v2\/posts\/28338","targetHints":{"allow":["GET"]}}],"collection":[{"href":"https:\/\/sacramentoqr.com\/index.php?rest_route=\/wp\/v2\/posts"}],"about":[{"href":"https:\/\/sacramentoqr.com\/index.php?rest_route=\/wp\/v2\/types\/post"}],"author":[{"embeddable":true,"href":"https:\/\/sacramentoqr.com\/index.php?rest_route=\/wp\/v2\/users\/1"}],"replies":[{"embeddable":true,"href":"https:\/\/sacramentoqr.com\/index.php?rest_route=%2Fwp%2Fv2%2Fcomments&post=28338"}],"version-history":[{"count":1,"href":"https:\/\/sacramentoqr.com\/index.php?rest_route=\/wp\/v2\/posts\/28338\/revisions"}],"predecessor-version":[{"id":28339,"href":"https:\/\/sacramentoqr.com\/index.php?rest_route=\/wp\/v2\/posts\/28338\/revisions\/28339"}],"wp:featuredmedia":[{"embeddable":true,"href":"https:\/\/sacramentoqr.com\/index.php?rest_route=\/wp\/v2\/media\/28340"}],"wp:attachment":[{"href":"https:\/\/sacramentoqr.com\/index.php?rest_route=%2Fwp%2Fv2%2Fmedia&parent=28338"}],"wp:term":[{"taxonomy":"category","embeddable":true,"href":"https:\/\/sacramentoqr.com\/index.php?rest_route=%2Fwp%2Fv2%2Fcategories&post=28338"},{"taxonomy":"post_tag","embeddable":true,"href":"https:\/\/sacramentoqr.com\/index.php?rest_route=%2Fwp%2Fv2%2Ftags&post=28338"}],"curies":[{"name":"wp","href":"https:\/\/api.w.org\/{rel}","templated":true}]}}