{"id":28373,"date":"2025-02-26T10:10:14","date_gmt":"2025-02-26T15:10:14","guid":{"rendered":"https:\/\/sacramentoqr.com\/?p=28373"},"modified":"2025-02-26T15:10:17","modified_gmt":"2025-02-26T15:10:17","slug":"ricardo-monreal-asegura-que-la-camara-de-diputados-esta-lista-para-enfrentar-la-agenda-legislativa-del-segundo-periodo-de-sesiones","status":"publish","type":"post","link":"https:\/\/sacramentoqr.com\/?p=28373","title":{"rendered":"Ricardo Monreal asegura que la C\u00e1mara de Diputados est\u00e1 lista para enfrentar la Agenda Legislativa del Segundo periodo de sesiones"},"content":{"rendered":"<p>\ud83d\udd38 El presidente de la Junta de Coordinaci\u00f3n Pol\u00edtica afirm\u00f3 que, a pesar de los desaf\u00edos legislativos, el Congreso tiene la capacidad de abordar una serie de leyes cruciales<\/p>\n<p>#CDMX | El diputado Ricardo Monreal \u00c1vila, presidente de la Junta de Coordinaci\u00f3n Pol\u00edtica (Jucopo), indic\u00f3 que la C\u00e1mara de Diputados se encuentra completamente preparada para abordar una ambiciosa Agenda Legislativa durante el Segundo periodo ordinario de sesiones del Primer a\u00f1o de la LXVI Legislatura, que se desarrollar\u00e1 durante los meses de febrero, marzo y abril.<\/p>\n<p>En su intervenci\u00f3n durante la conferencia \u00abLegislativa del Pueblo\u00bb, Monreal destac\u00f3 que se discutir\u00e1 un paquete de leyes de gran trascendencia, tales como la Ley del Sistema Nacional de Investigaci\u00f3n, la Ley General de Seguridad P\u00fablica, y la Ley General de Transparencia, entre otras. Adem\u00e1s, mencion\u00f3 un conjunto de iniciativas que afectan a sectores clave como la Comisi\u00f3n Federal de Electricidad, Pemex, y el sector energ\u00e9tico en general.<\/p>\n<p>\u201cTenemos todav\u00eda una cantidad importante de leyes que estamos formulando y otras que llegar\u00e1n en las pr\u00f3ximas semanas. Estamos preparados para la intensidad de este periodo de sesiones\u201d, expres\u00f3 Monreal, subrayando que, en caso de no alcanzar la aprobaci\u00f3n de algunas leyes para el mes de abril, se promover\u00e1 un periodo extraordinario para asegurar su an\u00e1lisis y votaci\u00f3n.<\/p>\n<p>En cuanto a la renovaci\u00f3n del Poder Judicial, Monreal tambi\u00e9n inform\u00f3 sobre las visitas de tres de los 64 aspirantes a ocupar una posici\u00f3n en el Poder Judicial Federal: las ministras Lenia Batres, Yasm\u00edn Esquivel, y la maestra Loreta Ortiz. Adem\u00e1s, explic\u00f3 que el proceso para elegir a jueces, magistrados y ministros iniciar\u00e1 su campa\u00f1a electoral el 30 de marzo y culminar\u00e1 con la jornada electoral el primero de junio de 2025.<\/p>\n<p>Por otro lado, el vocero de la bancada, diputado Arturo \u00c1vila Anaya, destac\u00f3 el compromiso de Morena para avanzar en una agenda que garantice derechos sociales y econ\u00f3micos para todos los ciudadanos. Resalt\u00f3 la importancia de escuchar las demandas del pueblo, promoviendo pol\u00edticas p\u00fablicas inclusivas que favorezcan el bienestar colectivo.<\/p>\n<p>La secretaria de Turismo, Josefina Rodr\u00edguez Zamora, tambi\u00e9n hizo uso de la palabra, presentando los avances en el sector tur\u00edstico. Resalt\u00f3 el papel de M\u00e9xico como el sexto pa\u00eds m\u00e1s visitado del mundo y el esfuerzo por mejorar las condiciones de este sector. En el marco de la promoci\u00f3n internacional, anunci\u00f3 la creaci\u00f3n de \u00abPuntos M\u00e9xico\u00bb en embajadas y consulados, con el fin de fortalecer la presencia del pa\u00eds en el extranjero.<\/p>\n<p>Por su parte, el diputado Enrique V\u00e1zquez Navarro destac\u00f3 la importancia del turismo como herramienta para reducir desigualdades y fomentar el desarrollo sustentable, apoyando las pol\u00edticas p\u00fablicas impulsadas por la Secretar\u00eda de Turismo.<\/p>\n<p>Con estas acciones, el Congreso y el gobierno federal contin\u00faan avanzando en sus esfuerzos por impulsar el desarrollo econ\u00f3mico y social del pa\u00eds, reflejando el compromiso de seguir promoviendo un M\u00e9xico m\u00e1s competitivo y unido.<\/p>\n","protected":false},"excerpt":{"rendered":"<p>\ud83d\udd38 El presidente de la Junta de Coordinaci\u00f3n Pol\u00edtica afirm\u00f3 que, a pesar de los&#8230;<\/p>\n","protected":false},"author":1,"featured_media":28375,"comment_status":"open","ping_status":"closed","sticky":false,"template":"","format":"standard","meta":{"footnotes":""},"categories":[17],"tags":[],"class_list":["post-28373","post","type-post","status-publish","format-standard","has-post-thumbnail","hentry","category-cdmx"],"_links":{"self":[{"href":"https:\/\/sacramentoqr.com\/index.php?rest_route=\/wp\/v2\/posts\/28373","targetHints":{"allow":["GET"]}}],"collection":[{"href":"https:\/\/sacramentoqr.com\/index.php?rest_route=\/wp\/v2\/posts"}],"about":[{"href":"https:\/\/sacramentoqr.com\/index.php?rest_route=\/wp\/v2\/types\/post"}],"author":[{"embeddable":true,"href":"https:\/\/sacramentoqr.com\/index.php?rest_route=\/wp\/v2\/users\/1"}],"replies":[{"embeddable":true,"href":"https:\/\/sacramentoqr.com\/index.php?rest_route=%2Fwp%2Fv2%2Fcomments&post=28373"}],"version-history":[{"count":1,"href":"https:\/\/sacramentoqr.com\/index.php?rest_route=\/wp\/v2\/posts\/28373\/revisions"}],"predecessor-version":[{"id":28374,"href":"https:\/\/sacramentoqr.com\/index.php?rest_route=\/wp\/v2\/posts\/28373\/revisions\/28374"}],"wp:featuredmedia":[{"embeddable":true,"href":"https:\/\/sacramentoqr.com\/index.php?rest_route=\/wp\/v2\/media\/28375"}],"wp:attachment":[{"href":"https:\/\/sacramentoqr.com\/index.php?rest_route=%2Fwp%2Fv2%2Fmedia&parent=28373"}],"wp:term":[{"taxonomy":"category","embeddable":true,"href":"https:\/\/sacramentoqr.com\/index.php?rest_route=%2Fwp%2Fv2%2Fcategories&post=28373"},{"taxonomy":"post_tag","embeddable":true,"href":"https:\/\/sacramentoqr.com\/index.php?rest_route=%2Fwp%2Fv2%2Ftags&post=28373"}],"curies":[{"name":"wp","href":"https:\/\/api.w.org\/{rel}","templated":true}]}}