{"id":28412,"date":"2025-02-27T10:15:37","date_gmt":"2025-02-27T15:15:37","guid":{"rendered":"https:\/\/sacramentoqr.com\/?p=28412"},"modified":"2025-02-27T15:15:39","modified_gmt":"2025-02-27T15:15:39","slug":"mexicanos-quieren-quitarle-la-nacionalidad-a-juan-soler-por-apoyar-a-donald-trump","status":"publish","type":"post","link":"https:\/\/sacramentoqr.com\/?p=28412","title":{"rendered":"Mexicanos quieren quitarle la nacionalidad a Juan Soler por apoyar a Donald Trump"},"content":{"rendered":"<p>\ud83d\udd38 El actor mexicano respondi\u00f3 a las cr\u00edticas recibidas tras anunciar su apoyo a Trump y Milei<\/p>\n<p>#ESPECT\u00c1CULOS | El actor de nacionalidad mexicana, Juan Solar, ha sido tendencia tras expresar su apoyo a las pol\u00edticas antimigratorias del presidente de Estados Unidos, Donald Trump. Estas pol\u00edticas impuestas por el nuevo presidente de EU, han llevado a deportaciones masivas de indocumentados, incluyendo humillaciones y violencia, generando una nueva ola de odio y racismo en el pa\u00eds americano.<\/p>\n<p>Soler fue invitado por la periodista Adela Micha a su canal de YouTube, La Saga, el actor argentino arremeti\u00f3 contra la ideolog\u00eda \u2018woke\u2019: \u201c\u00daltimamente, todo mundo est\u00e1 romantizando absolutamente todo: la delincuencia, la inmigraci\u00f3n ilegal, el tema de esto, los trans, lo romantizan\u201d, cuestion\u00f3.<\/p>\n<p>El actor nacido en Argentina, tambi\u00e9n declar\u00f3 ser simpatizante del presidente argentino Javier Milei y el presidente de El Salvador, Nayib Bukele, quienes enfrentan acusaciones por implementar sus pol\u00edticas en contra de grupos minoritarios y violatorias de derechos humanos.<\/p>\n<p>Soler opin\u00f3: \u201cF\u00edjate que las expresiones m\u00e1s libres, hoy por hoy, son en esos pa\u00edses (gobernados por partidos conservadores)\u201d.<\/p>\n<p>Juan Soler hizo una transmisi\u00f3n para defender su opini\u00f3n y responder a quienes le ped\u00edan volver a Argentina: \u201cEstoy hasta la madre de todos los que odian, de todos los que censuran y de los que cancelan. Tengo 34 a\u00f1os viviendo en M\u00e9xico y vine porque estudi\u00e9 actuaci\u00f3n en Argentina; amo la televisi\u00f3n. No sal\u00ed huyendo de nada. Soy legalmente mexicano porque cumpl\u00ed con todas las exigencias de la ley como el ciudadano responsable que soy&#8230; Resulta que decir la verdad es un delito\u201d.<\/p>\n<p>&nbsp;<\/p>\n<p>Una usuaria identificada como Cynthia Liliana Hern\u00e1ndez cre\u00f3 una petici\u00f3n en la plataforma Change.org para exigir que autoridades mexicanas le revocaran la nacionalidad al actor argentino.<\/p>\n<p>\u201cJuan Soler ha mostrado una actitud despectiva ante los inmigrantes mexicanos y el gobierno de nuestro pa\u00eds. Su postura no respeta los valores de solidaridad y comprensi\u00f3n que caracterizan a M\u00e9xico y sus ciudadanos\u201d, se lee en la petici\u00f3n, la cual hace menci\u00f3n al Art\u00edculo 2 de la Constituci\u00f3n Pol\u00edtica de los Estados Unidos Mexicanos, que establece que cada ciudadano, sin importar su origen, debe respetar y dignificar la naci\u00f3n.<\/p>\n<p>De acuerdo con la Secretar\u00eda de Relaciones Exteriores, la nacionalidad mexicana por naturalizaci\u00f3n se puede perder en los siguientes casos: \u00abla adquisici\u00f3n voluntaria de una nacionalidad extranjera, hacerse pasar en cualquier instrumento p\u00fablico como extranjero, usar un pasaporte extranjero, aceptar o usar t\u00edtulos nobiliarios que impliquen sumisi\u00f3n a un Estado extranjero, y residir durante cinco a\u00f1os continuos en el extranjero\u00bb.<\/p>\n<p>Por lo que Soler no perder\u00eda su nacionalidad mexicana con las firmas recaudadas.<\/p>\n","protected":false},"excerpt":{"rendered":"<p>\ud83d\udd38 El actor mexicano respondi\u00f3 a las cr\u00edticas recibidas tras anunciar su apoyo a Trump&#8230;<\/p>\n","protected":false},"author":1,"featured_media":28414,"comment_status":"open","ping_status":"closed","sticky":false,"template":"","format":"standard","meta":{"footnotes":""},"categories":[4],"tags":[],"class_list":["post-28412","post","type-post","status-publish","format-standard","has-post-thumbnail","hentry","category-espectaculos"],"_links":{"self":[{"href":"https:\/\/sacramentoqr.com\/index.php?rest_route=\/wp\/v2\/posts\/28412","targetHints":{"allow":["GET"]}}],"collection":[{"href":"https:\/\/sacramentoqr.com\/index.php?rest_route=\/wp\/v2\/posts"}],"about":[{"href":"https:\/\/sacramentoqr.com\/index.php?rest_route=\/wp\/v2\/types\/post"}],"author":[{"embeddable":true,"href":"https:\/\/sacramentoqr.com\/index.php?rest_route=\/wp\/v2\/users\/1"}],"replies":[{"embeddable":true,"href":"https:\/\/sacramentoqr.com\/index.php?rest_route=%2Fwp%2Fv2%2Fcomments&post=28412"}],"version-history":[{"count":1,"href":"https:\/\/sacramentoqr.com\/index.php?rest_route=\/wp\/v2\/posts\/28412\/revisions"}],"predecessor-version":[{"id":28413,"href":"https:\/\/sacramentoqr.com\/index.php?rest_route=\/wp\/v2\/posts\/28412\/revisions\/28413"}],"wp:featuredmedia":[{"embeddable":true,"href":"https:\/\/sacramentoqr.com\/index.php?rest_route=\/wp\/v2\/media\/28414"}],"wp:attachment":[{"href":"https:\/\/sacramentoqr.com\/index.php?rest_route=%2Fwp%2Fv2%2Fmedia&parent=28412"}],"wp:term":[{"taxonomy":"category","embeddable":true,"href":"https:\/\/sacramentoqr.com\/index.php?rest_route=%2Fwp%2Fv2%2Fcategories&post=28412"},{"taxonomy":"post_tag","embeddable":true,"href":"https:\/\/sacramentoqr.com\/index.php?rest_route=%2Fwp%2Fv2%2Ftags&post=28412"}],"curies":[{"name":"wp","href":"https:\/\/api.w.org\/{rel}","templated":true}]}}