{"id":28435,"date":"2025-02-28T11:03:00","date_gmt":"2025-02-28T16:03:00","guid":{"rendered":"https:\/\/sacramentoqr.com\/?p=28435"},"modified":"2025-02-28T16:03:02","modified_gmt":"2025-02-28T16:03:02","slug":"murio-el-musico-pepe-arevalo-el-leon-de-la-salsa","status":"publish","type":"post","link":"https:\/\/sacramentoqr.com\/?p=28435","title":{"rendered":"Muri\u00f3 el m\u00fasico Pepe Ar\u00e9valo, \u00abEl Le\u00f3n de la Salsa\u00bb"},"content":{"rendered":"<p>\ud83d\udd38 \u2018El Le\u00f3n de la Salsa\u2019 fue pianista de Daniel Santos, To\u00f1a \u2018la Negra\u2019 y Celia Cruz, hasta que form\u00f3 su propia orquesta, Pepe Ar\u00e9valo y sus Mulatos<\/p>\n<p>#ESPECT\u00c1CULOS | Pepe Ar\u00e9valo, famoso pianista mexicano, muri\u00f3 a los 86 a\u00f1os de edad.<\/p>\n<p>Su muerte ocurri\u00f3 semanas despu\u00e9s de que el m\u00fasico sufriera un infarto cerebral y fuera internado en cuidados intensivos, situaci\u00f3n informada por su hijo Jos\u00e9 Luis Ar\u00e9valo.<\/p>\n<p>Ten\u00eda que descansar\u2026 ya la \u00faltima semana fue muy complicada. Ya descansa, nos deja un legado enorme\u201d, refiri\u00f3 en el noticiero Despierta de N+.<\/p>\n<p>El periodista Jos\u00e9 Luis Ar\u00e9valo adelant\u00f3 que el 9 de marzo se realizar\u00e1 un homenaje al \u2018Le\u00f3n de la Salsa\u2019 en el Sindicato de M\u00fasicos.<\/p>\n<p>&nbsp;<\/p>\n<p>Josu\u00e9 Ambrosio Ar\u00e9valo Gama, tambi\u00e9n conocido como \u2018el Le\u00f3n de la Salsa\u2019, inici\u00f3 su carrera a los 13 a\u00f1os en grupos de Son que tocaban en el entonces Distrito Federal y Acapulco.<\/p>\n<p>Fue m\u00fasico de Daniel Santos, To\u00f1a \u2018la Negra\u2019 y Celia Cruz, hasta que form\u00f3 su propia orquesta, Pepe Ar\u00e9valo y su Tremenda Charanga, que posteriormente se nombr\u00f3 Pepe Ar\u00e9valo y sus Mulatos.<\/p>\n<p>Entre los \u00e9xitos de la agrupaci\u00f3n de m\u00fasica afroantillana se encuentran Falsaria \u2013 Salom\u00e9, Jaula dorada, Adi\u00f3s mariquita linda, Las mujeres m\u00e1s bellas, Compr\u00e9ndala, Que de raro tiene y Urge.<\/p>\n<p>El m\u00fasico fue adem\u00e1s uno de los art\u00edfices del movimiento \u2018La rumba es cultura\u2018, que promovi\u00f3 reuniones de intelectuales en el Bar Le\u00f3n.<\/p>\n<p>La trayectoria musical de Pepe Ar\u00e9valo lo llev\u00f3 a ser reconocido en agosto de 2020 por la Loter\u00eda Nacional para la Asistencia P\u00fablica, que le dedic\u00f3 su Sorteo Zodiaco No. 1496.<\/p>\n","protected":false},"excerpt":{"rendered":"<p>\ud83d\udd38 \u2018El Le\u00f3n de la Salsa\u2019 fue pianista de Daniel Santos, To\u00f1a \u2018la Negra\u2019 y&#8230;<\/p>\n","protected":false},"author":1,"featured_media":28437,"comment_status":"open","ping_status":"closed","sticky":false,"template":"","format":"standard","meta":{"footnotes":""},"categories":[4],"tags":[],"class_list":["post-28435","post","type-post","status-publish","format-standard","has-post-thumbnail","hentry","category-espectaculos"],"_links":{"self":[{"href":"https:\/\/sacramentoqr.com\/index.php?rest_route=\/wp\/v2\/posts\/28435","targetHints":{"allow":["GET"]}}],"collection":[{"href":"https:\/\/sacramentoqr.com\/index.php?rest_route=\/wp\/v2\/posts"}],"about":[{"href":"https:\/\/sacramentoqr.com\/index.php?rest_route=\/wp\/v2\/types\/post"}],"author":[{"embeddable":true,"href":"https:\/\/sacramentoqr.com\/index.php?rest_route=\/wp\/v2\/users\/1"}],"replies":[{"embeddable":true,"href":"https:\/\/sacramentoqr.com\/index.php?rest_route=%2Fwp%2Fv2%2Fcomments&post=28435"}],"version-history":[{"count":1,"href":"https:\/\/sacramentoqr.com\/index.php?rest_route=\/wp\/v2\/posts\/28435\/revisions"}],"predecessor-version":[{"id":28436,"href":"https:\/\/sacramentoqr.com\/index.php?rest_route=\/wp\/v2\/posts\/28435\/revisions\/28436"}],"wp:featuredmedia":[{"embeddable":true,"href":"https:\/\/sacramentoqr.com\/index.php?rest_route=\/wp\/v2\/media\/28437"}],"wp:attachment":[{"href":"https:\/\/sacramentoqr.com\/index.php?rest_route=%2Fwp%2Fv2%2Fmedia&parent=28435"}],"wp:term":[{"taxonomy":"category","embeddable":true,"href":"https:\/\/sacramentoqr.com\/index.php?rest_route=%2Fwp%2Fv2%2Fcategories&post=28435"},{"taxonomy":"post_tag","embeddable":true,"href":"https:\/\/sacramentoqr.com\/index.php?rest_route=%2Fwp%2Fv2%2Ftags&post=28435"}],"curies":[{"name":"wp","href":"https:\/\/api.w.org\/{rel}","templated":true}]}}