{"id":28488,"date":"2025-03-04T10:50:02","date_gmt":"2025-03-04T15:50:02","guid":{"rendered":"https:\/\/sacramentoqr.com\/?p=28488"},"modified":"2025-03-04T15:50:03","modified_gmt":"2025-03-04T15:50:03","slug":"revelan-que-marco-chacon-esposo-de-maribel-guardia-es-heredero-de-joan-sebastian","status":"publish","type":"post","link":"https:\/\/sacramentoqr.com\/?p=28488","title":{"rendered":"Revelan que Marco Chac\u00f3n, esposo de Maribel Guardia, es heredero de Joan Sebastian"},"content":{"rendered":"<p>\ud83d\udd38 La periodista Addis Tu\u00f1\u00f3n, revel\u00f3 supuesta informaci\u00f3n confidencial sobre la herencia de Joan Sebasti\u00e1n, en donde el peque\u00f1o Jos\u00e9 Juli\u00e1n no aparece como beneficiario tras la muerte de su padre, Juli\u00e1n Figueroa<\/p>\n<p>#ESPECT\u00c1CULOS | En medio de la confrontaci\u00f3n entre Maribel Guardia e Imelda Tu\u00f1\u00f3n por la custodia del peque\u00f1o Jos\u00e9 Juli\u00e1n, han salido a la luz toda clase de especulaciones y acusaciones entre ambas, desde la supuesta adicci\u00f3n a sustancias de la madre del ni\u00f1o, hasta los problemas maritales entre la famosa y su esposo Marco Chac\u00f3n.<\/p>\n<p>La tensi\u00f3n entre la esposa y la madre de Juli\u00e1n Figueroa se increment\u00f3 el pasado fin de semana, luego de que las autoridades determinaran que el menor deb\u00eda regresar con su madre, tras pasar un tiempo en custodia con sus abuelos, es decir, Maribel Guardia y Marco Chac\u00f3n. Adem\u00e1s, se emiti\u00f3 una orden de restricci\u00f3n contra la famosa.<\/p>\n<p>Tambi\u00e9n salieron a la luz una serie de conversaciones de WhatsApp entre Imelda Tu\u00f1\u00f3n y un dealer que fue detenido por las autoridades capitalinas, quien aparece en c\u00e1maras de seguridad afuera de la casa de Maribel Guardia. En dichas conversaciones se revela c\u00f3mo ambos se comunicaban para que el hombre le proveyera las sustancias que ella solicitaba.<\/p>\n<p>Ahora, la t\u00eda de Imelda, la periodista Addis Tu\u00f1\u00f3n, revel\u00f3 supuesta informaci\u00f3n confidencial sobre la herencia de Joan Sebasti\u00e1n, en donde el peque\u00f1o Jos\u00e9 Juli\u00e1n no aparece como beneficiario tras la muerte de su padre, Juli\u00e1n Figueroa. Sin embargo, llama la atenci\u00f3n que el esposo de Maribel Guardia, Marco Chac\u00f3n, s\u00ed aparece en los documentos como beneficiario.<\/p>\n<p>De acuerdo con Addis Tu\u00f1\u00f3n, el documento con fecha de septiembre de 2024, presentado ante las autoridades de Texas, Estados Unidos, aclara los nombres de los beneficiarios de la herencia de Joan Sebasti\u00e1n, espec\u00edficamente en el caso de las regal\u00edas musicales del desaparecido cantante.<\/p>\n<p>En el escrito, adem\u00e1s de los hijos de Joan Sebasti\u00e1n, aparece el nombre de Marco Chac\u00f3n como representante legal de Jos\u00e9 Juli\u00e1n, hijo y heredero universal de Juli\u00e1n Figueroa. Sin embargo, la periodista precis\u00f3 que en ning\u00fan lado se describe al esposo de Maribel Guardia como representante o albacea del peque\u00f1o, sino como un heredero o beneficiario m\u00e1s.<\/p>\n<p>En su canal de YouTube, Addis explica que esto podr\u00eda deberse a la buena relaci\u00f3n que existi\u00f3 entre Juli\u00e1n Figueroa y su padrastro. No obstante, sembr\u00f3 la duda sobre el futuro de la herencia de Jos\u00e9 Juli\u00e1n, de 7 a\u00f1os de edad.<\/p>\n<p>La periodista tambi\u00e9n mencion\u00f3 que decidi\u00f3 exponer esta informaci\u00f3n debido a la posibilidad de que exista un conflicto de inter\u00e9s sobre la herencia de Joan Sebasti\u00e1n, en medio del enfrentamiento por la custodia de Jos\u00e9 Juli\u00e1n entre Imelda Tu\u00f1\u00f3n y Maribel Guardia.<\/p>\n","protected":false},"excerpt":{"rendered":"<p>\ud83d\udd38 La periodista Addis Tu\u00f1\u00f3n, revel\u00f3 supuesta informaci\u00f3n confidencial sobre la herencia de Joan Sebasti\u00e1n,&#8230;<\/p>\n","protected":false},"author":1,"featured_media":28490,"comment_status":"open","ping_status":"closed","sticky":false,"template":"","format":"standard","meta":{"footnotes":""},"categories":[4],"tags":[],"class_list":["post-28488","post","type-post","status-publish","format-standard","has-post-thumbnail","hentry","category-espectaculos"],"_links":{"self":[{"href":"https:\/\/sacramentoqr.com\/index.php?rest_route=\/wp\/v2\/posts\/28488","targetHints":{"allow":["GET"]}}],"collection":[{"href":"https:\/\/sacramentoqr.com\/index.php?rest_route=\/wp\/v2\/posts"}],"about":[{"href":"https:\/\/sacramentoqr.com\/index.php?rest_route=\/wp\/v2\/types\/post"}],"author":[{"embeddable":true,"href":"https:\/\/sacramentoqr.com\/index.php?rest_route=\/wp\/v2\/users\/1"}],"replies":[{"embeddable":true,"href":"https:\/\/sacramentoqr.com\/index.php?rest_route=%2Fwp%2Fv2%2Fcomments&post=28488"}],"version-history":[{"count":1,"href":"https:\/\/sacramentoqr.com\/index.php?rest_route=\/wp\/v2\/posts\/28488\/revisions"}],"predecessor-version":[{"id":28489,"href":"https:\/\/sacramentoqr.com\/index.php?rest_route=\/wp\/v2\/posts\/28488\/revisions\/28489"}],"wp:featuredmedia":[{"embeddable":true,"href":"https:\/\/sacramentoqr.com\/index.php?rest_route=\/wp\/v2\/media\/28490"}],"wp:attachment":[{"href":"https:\/\/sacramentoqr.com\/index.php?rest_route=%2Fwp%2Fv2%2Fmedia&parent=28488"}],"wp:term":[{"taxonomy":"category","embeddable":true,"href":"https:\/\/sacramentoqr.com\/index.php?rest_route=%2Fwp%2Fv2%2Fcategories&post=28488"},{"taxonomy":"post_tag","embeddable":true,"href":"https:\/\/sacramentoqr.com\/index.php?rest_route=%2Fwp%2Fv2%2Ftags&post=28488"}],"curies":[{"name":"wp","href":"https:\/\/api.w.org\/{rel}","templated":true}]}}