{"id":28523,"date":"2025-03-05T11:00:59","date_gmt":"2025-03-05T16:00:59","guid":{"rendered":"https:\/\/sacramentoqr.com\/?p=28523"},"modified":"2025-03-05T16:01:00","modified_gmt":"2025-03-05T16:01:00","slug":"sheinbaum-felicita-a-mana-por-su-nominacion-al-salon-de-la-fama-del-rock-roll","status":"publish","type":"post","link":"https:\/\/sacramentoqr.com\/?p=28523","title":{"rendered":"Sheinbaum felicita a Man\u00e1 por su nominaci\u00f3n al Sal\u00f3n de la Fama del Rock &amp; Roll"},"content":{"rendered":"<p>\ud83d\udd38 La banda jalisciense se convirti\u00f3 en la primera agrupaci\u00f3n latina que aspira al templo del rock desde Los Lobos, en 2016<\/p>\n<p>#ESPECT\u00c1CULOS | Claudia Sheinbaum Pardo, presidenta de M\u00e9xico, felicit\u00f3 a la banda Man\u00e1 por su nominaci\u00f3n al Sal\u00f3n de la Fama del Rock &amp; Roll.<\/p>\n<p>En la conferencia matutina de Palacio Nacional, Sheinbaum Pardo detall\u00f3 que ella tambi\u00e9n tuvo su \u00e9poca de escuchar a dicha agrupaci\u00f3n musical.<\/p>\n<p>Muchas felicidades a Man\u00e1. Ya estaba grandecita pero tambi\u00e9n me toc\u00f3 mi \u00e9poca de Man\u00e1, as\u00ed que muchas felicidades\u201d, indic\u00f3.<\/p>\n<p>\u201cEs un reconocimiento a un grupo mexicano, qu\u00e9 bueno por este reconocimiento\u201d, puntualiz\u00f3.<\/p>\n<p>La banda mexicana Man\u00e1 se convirti\u00f3 el pasado 12 de febrero en la primera banda que canta en espa\u00f1ol en recibir la nominaci\u00f3n para ingresar al Sal\u00f3n de la Fama del Rock &amp; Roll en casi diez a\u00f1os.<\/p>\n<p>Dicha agrupaci\u00f3n se suman al listado de los 14 nominados de esta edici\u00f3n artistas o bandas de renombre como Bad Company, The Black Crowes, Mariah Carey, Chubby Checker, Joe Cocker, Billy Idol, Joy Division\/New Order, Cyndi Lauper, Oasis, Outkast, Phish, Soundgarden y The White Stripes.<\/p>\n<p>De acuerdo con Billboard, con esta nominaci\u00f3n, Man\u00e1 se convirti\u00f3 en la primera agrupaci\u00f3n latina que aspira al Sal\u00f3n de la Fama del Rock &amp; Roll desde que Los Lobos estuvieron nominados en 2016.<\/p>\n<p>Tres artistas latinos -que graban principalmente en ingl\u00e9s- han ingresado al Sal\u00f3n de la Fama del Rock desde su primera edici\u00f3n en 1986: Santana (1998), Ritchie Valens (2001) y Linda Ronstadt (2014), de acuerdo con el medio especializado.<\/p>\n","protected":false},"excerpt":{"rendered":"<p>\ud83d\udd38 La banda jalisciense se convirti\u00f3 en la primera agrupaci\u00f3n latina que aspira al templo&#8230;<\/p>\n","protected":false},"author":1,"featured_media":28525,"comment_status":"open","ping_status":"closed","sticky":false,"template":"","format":"standard","meta":{"footnotes":""},"categories":[4],"tags":[],"class_list":["post-28523","post","type-post","status-publish","format-standard","has-post-thumbnail","hentry","category-espectaculos"],"_links":{"self":[{"href":"https:\/\/sacramentoqr.com\/index.php?rest_route=\/wp\/v2\/posts\/28523","targetHints":{"allow":["GET"]}}],"collection":[{"href":"https:\/\/sacramentoqr.com\/index.php?rest_route=\/wp\/v2\/posts"}],"about":[{"href":"https:\/\/sacramentoqr.com\/index.php?rest_route=\/wp\/v2\/types\/post"}],"author":[{"embeddable":true,"href":"https:\/\/sacramentoqr.com\/index.php?rest_route=\/wp\/v2\/users\/1"}],"replies":[{"embeddable":true,"href":"https:\/\/sacramentoqr.com\/index.php?rest_route=%2Fwp%2Fv2%2Fcomments&post=28523"}],"version-history":[{"count":1,"href":"https:\/\/sacramentoqr.com\/index.php?rest_route=\/wp\/v2\/posts\/28523\/revisions"}],"predecessor-version":[{"id":28524,"href":"https:\/\/sacramentoqr.com\/index.php?rest_route=\/wp\/v2\/posts\/28523\/revisions\/28524"}],"wp:featuredmedia":[{"embeddable":true,"href":"https:\/\/sacramentoqr.com\/index.php?rest_route=\/wp\/v2\/media\/28525"}],"wp:attachment":[{"href":"https:\/\/sacramentoqr.com\/index.php?rest_route=%2Fwp%2Fv2%2Fmedia&parent=28523"}],"wp:term":[{"taxonomy":"category","embeddable":true,"href":"https:\/\/sacramentoqr.com\/index.php?rest_route=%2Fwp%2Fv2%2Fcategories&post=28523"},{"taxonomy":"post_tag","embeddable":true,"href":"https:\/\/sacramentoqr.com\/index.php?rest_route=%2Fwp%2Fv2%2Ftags&post=28523"}],"curies":[{"name":"wp","href":"https:\/\/api.w.org\/{rel}","templated":true}]}}