{"id":3857,"date":"2021-04-28T11:24:01","date_gmt":"2021-04-28T11:24:01","guid":{"rendered":"https:\/\/alertarojaquintanaroo.com\/?p=3857"},"modified":"2021-04-28T11:24:01","modified_gmt":"2021-04-28T11:24:01","slug":"trabajadores-de-cancun-se-quedan-sin-transporte-por-el-crimen-organizado","status":"publish","type":"post","link":"https:\/\/sacramentoqr.com\/?p=3857","title":{"rendered":"Trabajadores de Canc\u00fan se quedan sin transporte por el crimen organizado"},"content":{"rendered":"<p>En entrevista con Novedades de Quintana Roo, el ciudadano Antonio G. declar\u00f3 que desde que\u00a0<strong>el crimen organizado incendi\u00f3 las rutas<\/strong>\u00a0que viajaban a la zona hotelera desde su fraccionamiento, no han restablecido el servicio, entorpeciendo los tiempos de traslado y aumentado el costo de transporte.<\/p>\n<blockquote><p>\u00abAlgunos tenemos que tomar dos rutas para llegar a nuestros empleos y con lo del COVID y la crisis, es m\u00e1s complicado\u00bb.<\/p><\/blockquote>\n<p>Los vecinos tienen que hacer\u00a0<strong>&#8216;cooperacha&#8217; para pagar un taxi<\/strong>\u00a0que los lleve al centro o bien, arriesgarse a llegar tarde por la falta de transporte.<\/p>\n<p>Adem\u00e1s, Antonio mencion\u00f3 estar preocupado por la situaci\u00f3n que vive Canc\u00fan en 2021.<\/p>\n<blockquote><p>\u00abEntre la corrupci\u00f3n, la delincuencia, el desempleo y la pandemia,\u00a0<strong>se est\u00e1n terminando Canc\u00fan<\/strong>\u00ab.<\/p><\/blockquote>\n<h2><strong>El crimen organizado contra el transporte p\u00fablico<\/strong><\/h2>\n<p>Hace unas semanas, en menos de 12 horas\u00a0<strong>dos autobuses del transporte p\u00fablico<\/strong>\u00a0de Canc\u00fan fueron\u00a0atacados con explosivos arrojados por desconocidos.\u00a0En ninguno de los hechos se registraron lesionados o pasajeros muertos.<\/p>\n<div id=\"div-gpt-ad-inread-2-60885ca49f221d0013ab3ac4\" data-name=\"inread\" data-size=\"[[336,250], [300,250]]\" data-google-query-id=\"CLWa49aSn_ACFYTN4QodwL8G2w\">\n<div id=\"google_ads_iframe_\/4334274\/inread_4__container__\">El \u00faltimo ataque fue reportado poco antes de la medianoche del 26 de abril, cuando a trav\u00e9s de redes sociales se report\u00f3 el incendio de una combi tipo urvan de\u00a0<strong>Maya Caribe.<\/strong><\/div>\n<\/div>\n<p>Hasta el momento, las autoridades no se han pronunciado al respecto.<\/p>\n","protected":false},"excerpt":{"rendered":"<p>En entrevista con Novedades de Quintana Roo, el ciudadano Antonio G. declar\u00f3 que desde que\u00a0el&#8230;<\/p>\n","protected":false},"author":1,"featured_media":3858,"comment_status":"open","ping_status":"closed","sticky":false,"template":"","format":"standard","meta":{"footnotes":""},"categories":[6,8],"tags":[],"class_list":["post-3857","post","type-post","status-publish","format-standard","has-post-thumbnail","hentry","category-local","category-policia"],"_links":{"self":[{"href":"https:\/\/sacramentoqr.com\/index.php?rest_route=\/wp\/v2\/posts\/3857","targetHints":{"allow":["GET"]}}],"collection":[{"href":"https:\/\/sacramentoqr.com\/index.php?rest_route=\/wp\/v2\/posts"}],"about":[{"href":"https:\/\/sacramentoqr.com\/index.php?rest_route=\/wp\/v2\/types\/post"}],"author":[{"embeddable":true,"href":"https:\/\/sacramentoqr.com\/index.php?rest_route=\/wp\/v2\/users\/1"}],"replies":[{"embeddable":true,"href":"https:\/\/sacramentoqr.com\/index.php?rest_route=%2Fwp%2Fv2%2Fcomments&post=3857"}],"version-history":[{"count":0,"href":"https:\/\/sacramentoqr.com\/index.php?rest_route=\/wp\/v2\/posts\/3857\/revisions"}],"wp:featuredmedia":[{"embeddable":true,"href":"https:\/\/sacramentoqr.com\/index.php?rest_route=\/wp\/v2\/media\/3858"}],"wp:attachment":[{"href":"https:\/\/sacramentoqr.com\/index.php?rest_route=%2Fwp%2Fv2%2Fmedia&parent=3857"}],"wp:term":[{"taxonomy":"category","embeddable":true,"href":"https:\/\/sacramentoqr.com\/index.php?rest_route=%2Fwp%2Fv2%2Fcategories&post=3857"},{"taxonomy":"post_tag","embeddable":true,"href":"https:\/\/sacramentoqr.com\/index.php?rest_route=%2Fwp%2Fv2%2Ftags&post=3857"}],"curies":[{"name":"wp","href":"https:\/\/api.w.org\/{rel}","templated":true}]}}