{"id":42349,"date":"2026-04-24T16:00:53","date_gmt":"2026-04-24T21:00:53","guid":{"rendered":"https:\/\/sacramentoqr.com\/?p=42349"},"modified":"2026-04-26T08:19:34","modified_gmt":"2026-04-26T13:19:34","slug":"marion-reimers-lleva-a-tribunales-omision-oficial-por-acoso-digital","status":"publish","type":"post","link":"https:\/\/sacramentoqr.com\/?p=42349","title":{"rendered":"Marion Reimers lleva a tribunales omisi\u00f3n oficial por acoso digital"},"content":{"rendered":"<p>\ud83d\udd38 La periodista deportiva abri\u00f3 un frente legal al acusar que autoridades desacataron una sentencia que ordenaba protegerla, reavivando el debate sobre violencia digital e impunidad institucional<\/p>\n<p>#DEPORTES | La periodista deportiva Marion Reimers anunci\u00f3 el inicio de un proceso legal contra autoridades federales, al acusar incumplimiento en las medidas de protecci\u00f3n ordenadas por un juez frente al acoso digital que, afirm\u00f3, ha enfrentado durante dos d\u00e9cadas.<\/p>\n<p>Acompa\u00f1ada por integrantes de la organizaci\u00f3n Perteneces A.C., la comunicadora sostuvo que la violencia en redes no solo ha persistido, sino que habr\u00eda escalado a afectaciones personales, profesionales e incluso agresiones fuera del entorno digital.<\/p>\n<p>De acuerdo con su equipo jur\u00eddico, en 2024 un juez orden\u00f3 al Mecanismo de Protecci\u00f3n para Personas Defensoras de Derechos Humanos y Periodistas implementar medidas inmediatas a su favor; sin embargo, denunciaron que la resoluci\u00f3n sigue sin ejecutarse.<\/p>\n<p>Reimers advirti\u00f3 que la llamada \u201cmuerte reputacional\u201d tambi\u00e9n constituye una forma de violencia y silenciamiento contra mujeres en espacios p\u00fablicos, particularmente en sectores hist\u00f3ricamente dominados por hombres.<\/p>\n<p>Su defensa se\u00f1al\u00f3 que el caso busca sentar un precedente sobre la responsabilidad institucional frente a la violencia digital, al tiempo que exigi\u00f3 a la Secretar\u00eda de Gobernaci\u00f3n cumplir con el mandato judicial.<\/p>\n<p>La periodista tambi\u00e9n alert\u00f3 que, rumbo al Mundial de 2026, este tipo de agresiones podr\u00edan intensificarse si no existen mecanismos eficaces de prevenci\u00f3n y protecci\u00f3n.<\/p>\n","protected":false},"excerpt":{"rendered":"<p>\ud83d\udd38 La periodista deportiva abri\u00f3 un frente legal al acusar que autoridades desacataron una sentencia&#8230;<\/p>\n","protected":false},"author":1,"featured_media":42351,"comment_status":"open","ping_status":"closed","sticky":false,"template":"","format":"standard","meta":{"footnotes":""},"categories":[3],"tags":[],"class_list":["post-42349","post","type-post","status-publish","format-standard","has-post-thumbnail","hentry","category-deportes"],"_links":{"self":[{"href":"https:\/\/sacramentoqr.com\/index.php?rest_route=\/wp\/v2\/posts\/42349","targetHints":{"allow":["GET"]}}],"collection":[{"href":"https:\/\/sacramentoqr.com\/index.php?rest_route=\/wp\/v2\/posts"}],"about":[{"href":"https:\/\/sacramentoqr.com\/index.php?rest_route=\/wp\/v2\/types\/post"}],"author":[{"embeddable":true,"href":"https:\/\/sacramentoqr.com\/index.php?rest_route=\/wp\/v2\/users\/1"}],"replies":[{"embeddable":true,"href":"https:\/\/sacramentoqr.com\/index.php?rest_route=%2Fwp%2Fv2%2Fcomments&post=42349"}],"version-history":[{"count":1,"href":"https:\/\/sacramentoqr.com\/index.php?rest_route=\/wp\/v2\/posts\/42349\/revisions"}],"predecessor-version":[{"id":42350,"href":"https:\/\/sacramentoqr.com\/index.php?rest_route=\/wp\/v2\/posts\/42349\/revisions\/42350"}],"wp:featuredmedia":[{"embeddable":true,"href":"https:\/\/sacramentoqr.com\/index.php?rest_route=\/wp\/v2\/media\/42351"}],"wp:attachment":[{"href":"https:\/\/sacramentoqr.com\/index.php?rest_route=%2Fwp%2Fv2%2Fmedia&parent=42349"}],"wp:term":[{"taxonomy":"category","embeddable":true,"href":"https:\/\/sacramentoqr.com\/index.php?rest_route=%2Fwp%2Fv2%2Fcategories&post=42349"},{"taxonomy":"post_tag","embeddable":true,"href":"https:\/\/sacramentoqr.com\/index.php?rest_route=%2Fwp%2Fv2%2Ftags&post=42349"}],"curies":[{"name":"wp","href":"https:\/\/api.w.org\/{rel}","templated":true}]}}