{"id":42464,"date":"2026-04-29T08:00:23","date_gmt":"2026-04-29T13:00:23","guid":{"rendered":"https:\/\/sacramentoqr.com\/?p=42464"},"modified":"2026-04-29T10:00:20","modified_gmt":"2026-04-29T15:00:20","slug":"miguel-herrera-es-el-nuevo-entrenador-del-atlante","status":"publish","type":"post","link":"https:\/\/sacramentoqr.com\/?p=42464","title":{"rendered":"Miguel Herrera es el nuevo entrenador del Atlante"},"content":{"rendered":"<p>\ud83d\udd38 El timonel, de 58 a\u00f1os, regresa a los Potros, con los que fue campe\u00f3n como jugador en 1993 y nueve a\u00f1os m\u00e1s tarde debut\u00f3 como estratega<\/p>\n<p>#DEPORTES | El seleccionador de M\u00e9xico en el Mundial de Brasil 2014, Miguel Herrera, fue anunciado este martes como entrenador de los Potros de Atlante, que regresar\u00e1n a la Primera Divisi\u00f3n en el torneo Apertura del f\u00fatbol mexicano.<\/p>\n<p>\u201c\u00a1Bienvenido Piojo! Miguel Herrera asume el mando de nuestros Potros de Hierro. Experiencia, car\u00e1cter y ADN azulgrana para llevar al Atlante a lo m\u00e1s alto\u201d, escribi\u00f3 la directiva en sus redes sociales.<\/p>\n<p>Herrera, de 58 a\u00f1os, regresa al Atlante, con el que fue campe\u00f3n como jugador en 1993 y nueve a\u00f1os m\u00e1s tarde debut\u00f3 como estratega.<\/p>\n<p>Los Potros ocupar\u00e1n en Primera divisi\u00f3n el lugar del Mazatl\u00e1n, en un esperado regreso por parte de decenas de miles de hinchas que siguieron al equipo, campe\u00f3n en 1947, 1993 y 2007.<\/p>\n<p>Dos veces campe\u00f3n de liga con el Am\u00e9rica, un a\u00f1o despu\u00e9s de dirigir en Brasil, Herrera fue despedido de la selecci\u00f3n por una pelea con un comentarista, despu\u00e9s de lo cual dirigi\u00f3 a nivel de clubes en M\u00e9xico hasta que el a\u00f1o pasado fue llamado a comandar a Costa Rica.<\/p>\n<p>Con todo a favor en la eliminatoria de Concacaf, en la que no compitieron M\u00e9xico, Estados Unidos y Canad\u00e1, de la mano del \u2018Piojo\u2019 los costarricenses mostraron altibajos en su rendimiento y quedaron fuera de la Copa del Mundo, lo cual le cost\u00f3 el puesto al estratega.<\/p>\n<p>El entrenador se desempe\u00f1\u00f3 en las \u00faltimas semanas como analista de una cadena de televisi\u00f3n, trabajo que deber\u00e1 abandonar para regresar al banquillo.<\/p>\n<p>La directiva de los Potros se ha planteado como objetivo ser protagonista a partir del torneo Apertura, luego de m\u00e1s de una d\u00e9cada ausente en Primera Divisi\u00f3n.<\/p>\n<p>Herrera ser\u00e1 presentado en las \u00faltimas horas, despu\u00e9s de lo cual tendr\u00e1 una ardua tarea para armar un equipo con figuras de calidad, capaz de competir de igual en el torneo local.<\/p>\n","protected":false},"excerpt":{"rendered":"<p>\ud83d\udd38 El timonel, de 58 a\u00f1os, regresa a los Potros, con los que fue campe\u00f3n&#8230;<\/p>\n","protected":false},"author":1,"featured_media":42466,"comment_status":"open","ping_status":"closed","sticky":false,"template":"","format":"standard","meta":{"footnotes":""},"categories":[3],"tags":[],"class_list":["post-42464","post","type-post","status-publish","format-standard","has-post-thumbnail","hentry","category-deportes"],"_links":{"self":[{"href":"https:\/\/sacramentoqr.com\/index.php?rest_route=\/wp\/v2\/posts\/42464","targetHints":{"allow":["GET"]}}],"collection":[{"href":"https:\/\/sacramentoqr.com\/index.php?rest_route=\/wp\/v2\/posts"}],"about":[{"href":"https:\/\/sacramentoqr.com\/index.php?rest_route=\/wp\/v2\/types\/post"}],"author":[{"embeddable":true,"href":"https:\/\/sacramentoqr.com\/index.php?rest_route=\/wp\/v2\/users\/1"}],"replies":[{"embeddable":true,"href":"https:\/\/sacramentoqr.com\/index.php?rest_route=%2Fwp%2Fv2%2Fcomments&post=42464"}],"version-history":[{"count":1,"href":"https:\/\/sacramentoqr.com\/index.php?rest_route=\/wp\/v2\/posts\/42464\/revisions"}],"predecessor-version":[{"id":42465,"href":"https:\/\/sacramentoqr.com\/index.php?rest_route=\/wp\/v2\/posts\/42464\/revisions\/42465"}],"wp:featuredmedia":[{"embeddable":true,"href":"https:\/\/sacramentoqr.com\/index.php?rest_route=\/wp\/v2\/media\/42466"}],"wp:attachment":[{"href":"https:\/\/sacramentoqr.com\/index.php?rest_route=%2Fwp%2Fv2%2Fmedia&parent=42464"}],"wp:term":[{"taxonomy":"category","embeddable":true,"href":"https:\/\/sacramentoqr.com\/index.php?rest_route=%2Fwp%2Fv2%2Fcategories&post=42464"},{"taxonomy":"post_tag","embeddable":true,"href":"https:\/\/sacramentoqr.com\/index.php?rest_route=%2Fwp%2Fv2%2Ftags&post=42464"}],"curies":[{"name":"wp","href":"https:\/\/api.w.org\/{rel}","templated":true}]}}