{"id":4376,"date":"2021-06-11T11:22:37","date_gmt":"2021-06-11T11:22:37","guid":{"rendered":"https:\/\/alertarojaquintanaroo.com\/?p=4376"},"modified":"2021-06-11T11:22:37","modified_gmt":"2021-06-11T11:22:37","slug":"cancun-en-ataque-armado-balean-a-adolescente-en-villas-otoch-paraiso","status":"publish","type":"post","link":"https:\/\/sacramentoqr.com\/?p=4376","title":{"rendered":"Canc\u00fan: En ataque armado balean a adolescente en Villas Otoch Para\u00edso"},"content":{"rendered":"<p>En ataque armado balean a adolescente en Villas Otoch Para\u00edso, uno de los fraccionamientos mas asolados por la\u00a0inseguridad en Canc\u00fan, en donde un presunto intento de ejecuci\u00f3n dej\u00f3 como saldo dos personas lesionadas, uno de ellos, un adolescente de 13 a\u00f1os, casi un ni\u00f1o.<\/p>\n<div class=\"afw afw_custom  afw_ad afwadid-267205  \" data-ad-id=\"267205\">\n<div id=\"div-gpt-ad-1571779814198-0\" data-google-query-id=\"CMrZ3I3VjvECFUEIwwod2zkDyw\">\n<div id=\"google_ads_iframe_\/121287434\/web750_0__container__\">El menor fue lesionado por una bala perdida en el ataque a balazos, en donde dos desconocidos que llegaron a la manzana 107 de este n\u00facleo habitacional a bordo de una motocicleta, intentaron ejecutar a una persona mas que tambi\u00e9n result\u00f3 lesionado de gravedad.<\/div>\n<\/div>\n<\/div>\n<p>El reporte fue emitido por vecinos de este lugar, ubicado en la manzana 107 de la super manzana 259, casi con la avenida Ni\u00f1os H\u00e9roes, quienes avisaron al n\u00famero de emergencias 911 que se hab\u00eda suscitado una balacera con saldo de dos heridos.<\/p>\n<p>Al llegar las primeras patrullas al sitio del ataque, fueron informados que v\u00edctima de una bala perdida, un peque\u00f1o de 13 a\u00f1os que se encontraba cerca, fue alcanzado en la parte de la cabeza, presuntamente una oido.<\/p>\n<p>Ante la tardanza de la ambulancia, y para acelerar la atenci\u00f3n al menor, los uniformados decidieron trasladarlo a bordo de una de las patrullas al Hospital General, en donde apenas llegar, fue ingresado a la sala de choque.<\/p>\n<p>El ataque, seg\u00fan las primeras pesquisas, tuvo por objeto ejecutar a un sujeto masculino de 22 a\u00f1os, qui\u00e9n result\u00f3 herido de mayor gravedad a\u00fan que el menor, pues presentaba varias heridas producidas por ojivas de arma de fuego en el t\u00f3rax.<\/p>\n<p>Este \u00faltimo, fue trasladado a el Hospital General por una ambulancia de la empresa privada RIM, en tanto que los elementos de la Polic\u00eda Quintana Roo realizaron un operativo de b\u00fasqueda de los presuntos sicarios, sin lograr ninguna detenci\u00f3n.<\/p>\n","protected":false},"excerpt":{"rendered":"<p>En ataque armado balean a adolescente en Villas Otoch Para\u00edso, uno de los fraccionamientos mas&#8230;<\/p>\n","protected":false},"author":1,"featured_media":4377,"comment_status":"closed","ping_status":"closed","sticky":false,"template":"","format":"standard","meta":{"footnotes":""},"categories":[6,8],"tags":[],"class_list":["post-4376","post","type-post","status-publish","format-standard","has-post-thumbnail","hentry","category-local","category-policia"],"_links":{"self":[{"href":"https:\/\/sacramentoqr.com\/index.php?rest_route=\/wp\/v2\/posts\/4376","targetHints":{"allow":["GET"]}}],"collection":[{"href":"https:\/\/sacramentoqr.com\/index.php?rest_route=\/wp\/v2\/posts"}],"about":[{"href":"https:\/\/sacramentoqr.com\/index.php?rest_route=\/wp\/v2\/types\/post"}],"author":[{"embeddable":true,"href":"https:\/\/sacramentoqr.com\/index.php?rest_route=\/wp\/v2\/users\/1"}],"replies":[{"embeddable":true,"href":"https:\/\/sacramentoqr.com\/index.php?rest_route=%2Fwp%2Fv2%2Fcomments&post=4376"}],"version-history":[{"count":0,"href":"https:\/\/sacramentoqr.com\/index.php?rest_route=\/wp\/v2\/posts\/4376\/revisions"}],"wp:featuredmedia":[{"embeddable":true,"href":"https:\/\/sacramentoqr.com\/index.php?rest_route=\/wp\/v2\/media\/4377"}],"wp:attachment":[{"href":"https:\/\/sacramentoqr.com\/index.php?rest_route=%2Fwp%2Fv2%2Fmedia&parent=4376"}],"wp:term":[{"taxonomy":"category","embeddable":true,"href":"https:\/\/sacramentoqr.com\/index.php?rest_route=%2Fwp%2Fv2%2Fcategories&post=4376"},{"taxonomy":"post_tag","embeddable":true,"href":"https:\/\/sacramentoqr.com\/index.php?rest_route=%2Fwp%2Fv2%2Ftags&post=4376"}],"curies":[{"name":"wp","href":"https:\/\/api.w.org\/{rel}","templated":true}]}}