{"id":6536,"date":"2022-01-17T16:46:00","date_gmt":"2022-01-17T16:46:00","guid":{"rendered":"https:\/\/sacramentoqr.com\/?p=6536"},"modified":"2022-02-24T16:52:59","modified_gmt":"2022-02-24T16:52:59","slug":"fuego-contra-la-prensa-en-mexico-dos-periodistas-asesinados-en-los-primeros-dias-de-2022","status":"publish","type":"post","link":"https:\/\/sacramentoqr.com\/?p=6536","title":{"rendered":"Fuego contra la prensa en M\u00e9xico: dos periodistas asesinados en los primeros d\u00edas de 2022"},"content":{"rendered":"\n<p>Solo han pasado unos d\u00edas desde que comenz\u00f3 el 2022 y dos periodistas ya han sido asesinados en M\u00e9xico. El director del medio digital&nbsp;<em>Inforegio<\/em>, Jos\u00e9 Luis Gamboa, fue apu\u00f1alado el 10 de enero en el Puerto de Veracruz, y este lunes por la ma\u00f1ana, el fot\u00f3grafo Margarito Mart\u00ednez recib\u00eda varios disparos en la puerta de su vivienda en Tijuana. Ellos son el nuevo rostro de la violencia que sufren los periodistas en el pa\u00eds, que es el m\u00e1s letal del mundo para la prensa.&nbsp;<a href=\"https:\/\/elpais.com\/mexico\/2022-01-09\/crimen-impune-nueve-periodistas-asesinados-en-mexico.html\">En 2021, nueve reporteros murieron de forma violenta<\/a>.<\/p>\n\n\n\n<p>Unas horas m\u00e1s tarde de que la Comisi\u00f3n Estatal de Atenci\u00f3n y Protecci\u00f3n a Periodistas (CEAPP) confirmara la muerte de Jos\u00e9 Luis Gamboa en Veracruz, en la otra punta del pa\u00eds, el grupo Cadena desped\u00eda a su reportero gr\u00e1fico Margarito Mart\u00ednez en Baja California. Las asociaciones de periodistas han exigido a las fiscal\u00edas investigar si los cr\u00edmenes fueron a causa de su trabajo.<\/p>\n\n\n\n<p>Vest\u00eda pantal\u00f3n de mezclilla y camisa color caf\u00e9 cuando encontraron en el suelo el cuerpo de Jos\u00e9 Luis Gamboa en una calle del fraccionamiento Floresta, al sur del Puerto de Veracruz, seg\u00fan han informado medios locales. Gamboa proven\u00eda de una reputada familia de periodistas en Veracruz. Su padre, Apolonio Gamboa, fue fundador del diario<em>&nbsp;La Noticia,<\/em>&nbsp;del que Jos\u00e9 Luis fue director; su hermano Polo tambi\u00e9n era un distinguido comunicador en el Estado.<\/p>\n\n\n\n<p>El reportero hab\u00eda fundado en 2003 una p\u00e1gina de noticias semanales llamada&nbsp;<em>El Regional del Norte<\/em>&nbsp;o&nbsp;<em>Inforegio<\/em>, en la que colgaba art\u00edculos de informaci\u00f3n pol\u00edtica y de sucesos. Adem\u00e1s,&nbsp;<a href=\"https:\/\/twitter.com\/josemilenio\" target=\"_blank\" rel=\"noreferrer noopener\">era muy activo en su cuenta de Twitter<\/a>&nbsp;y sub\u00eda editoriales en v\u00eddeo a YouTube. En estos tres medios, Gamboa compart\u00eda las supuestas conexiones entre el crimen organizado y las \u00e9lites pol\u00edticas de Veracruz: \u201cLa tragedia de M\u00e9xico es que lo que est\u00e1 sometiendo al pa\u00eds por municipios es el narcotr\u00e1fico, a la inversa de combatirlo, toda la estructura de poderes gubernamentales est\u00e1 vinculada en una gran asociaci\u00f3n delictuosa\u201d.<\/p>\n\n\n\n<p>Sus se\u00f1alamientos eran directos y llegaban hasta el exgobernador de Veracruz, Miguel \u00c1ngel Yunes Linares, y sus familiares, todos ligados a las alcald\u00edas de distintos municipios del Estado. \u201cEl Puerto de Veracruz tiene 35 a\u00f1os bajo el dominio del crimen internacional. El CJNG opera en la zona portuaria, d\u00f3nde se vinculan familias de poder pol\u00edtico entre ellos los Yunes\u201d, escribi\u00f3 el periodista, que insist\u00eda una y otra vez en sus art\u00edculos en que Veracruz se hab\u00eda convertido en la puerta de entrada del fentanilo a Estados Unidos.<\/p>\n\n\n\n<p>Aunque la CEAPP ha confirmado que no hab\u00eda denuncias previas de amenazas al reportero, Gamboa era consciente del peligro de sus afirmaciones: \u201cDesde el momento que la prensa mexicana exhibe o se\u00f1ala v\u00ednculos de actores pol\u00edticos o empresariales con el narcotr\u00e1fico, la autoridad debe proceder a la investigaci\u00f3n, y sucede a la inversa el Estado y sus instituciones investigan y persiguen al periodista, si es que antes no lo matan\u201d.<\/p>\n\n\n\n<h2 class=\"wp-block-heading\">Balazos en la puerta de la vivienda de Margarito Esquivel<\/h2>\n\n\n\n<p>Esta ma\u00f1ana, alrededor de las 12.45 horas, el fot\u00f3grafo Margarito Esquivel sal\u00eda de su casa en Tijuana, en la colonia S\u00e1nchez Taboada. All\u00ed fue abatido con arma de fuego. El reportero gr\u00e1fico, de 49 a\u00f1os, estaba especializado en sucesos y noticias policiales. Trabajaba para el Grupo Cadena y el semanario Zeta, adem\u00e1s colaboraba con medios internacionales como la BBC.<\/p>\n\n\n\n<p>\u201cInformaci\u00f3n revelada por testigos se\u00f1alan que uno de los vecinos de Mart\u00ednez Esquivel, se encontraba consumiendo bebidas embriagantes, identificado solo con el nombre de Juan, fue quien dispar\u00f3 a Margarito Mart\u00ednez\u201d,&nbsp;<a href=\"https:\/\/zetatijuana.com\/2022\/01\/asesinan-a-reportero-grafico-margarito-martinez\/\" target=\"_blank\" rel=\"noreferrer noopener\">apunta el semanario donde laboraba el fot\u00f3grafo<\/a>. Seg\u00fan los testigos, los dos hombres ten\u00edan una disputa por la propiedad de unos terrenos. \u201cLo cual, se\u00f1ala la autoridad en la primera l\u00ednea de investigaci\u00f3n, ser\u00eda el m\u00f3vil del asesinato. El identificado como sospechoso, Juan, huy\u00f3 del lugar con rumbo desconocido\u201d, publica el medio.<\/p>\n\n\n\n<p>M\u00e9xico es el pa\u00eds m\u00e1s mort\u00edfero del mundo para la prensa, seg\u00fan el Comit\u00e9 para la Protecci\u00f3n de los Periodistas (CPJ, por sus siglas en ingl\u00e9s). Jan-Albert Hoosten, representante del CPJ, explicaba a EL PA\u00cdS que M\u00e9xico es la \u00fanica naci\u00f3n donde los niveles de violencia letales contra los periodistas no han cambiado, sino que se mantienen con los distintos Gobiernos: \u201cLa violencia es una constante. Y la conclusi\u00f3n despu\u00e9s de tres a\u00f1os de Gobierno de L\u00f3pez Obrador es que no solo no ha podido resolver las decenas de asesinatos de periodistas, defensores y activistas, sino que ha hecho muy poco para prevenirlos\u201d.<\/p>\n\n\n\n<p>La organizaci\u00f3n, que lleva desde 1992 un conteo global de estos ataques,&nbsp;<a href=\"https:\/\/cpj.org\/data\/killed\/2021\/?status=Killed&amp;motiveConfirmed%5B%5D=Confirmed&amp;motiveUnconfirmed%5B%5D=Unconfirmed&amp;type%5B%5D=Journalist&amp;type%5B%5D=Media%20Worker&amp;cc_fips%5B%5D=MX&amp;start_year=1992&amp;end_year=2021&amp;group_by=location\" target=\"_blank\" rel=\"noreferrer noopener\">registr\u00f3 hasta final del 2021 138 asesinatos en M\u00e9xico<\/a>. Art\u00edculo 19, una organizaci\u00f3n mexicana defensora de la libertad de expresi\u00f3n, computa cifras todav\u00eda m\u00e1s altas: 145 desde 2000.<\/p>\n","protected":false},"excerpt":{"rendered":"<p>Solo han pasado unos d\u00edas desde que comenz\u00f3 el 2022 y dos periodistas ya han&#8230;<\/p>\n","protected":false},"author":1,"featured_media":6538,"comment_status":"closed","ping_status":"closed","sticky":false,"template":"","format":"standard","meta":{"footnotes":""},"categories":[1],"tags":[],"class_list":["post-6536","post","type-post","status-publish","format-standard","has-post-thumbnail","hentry","category-uncategorized"],"_links":{"self":[{"href":"https:\/\/sacramentoqr.com\/index.php?rest_route=\/wp\/v2\/posts\/6536","targetHints":{"allow":["GET"]}}],"collection":[{"href":"https:\/\/sacramentoqr.com\/index.php?rest_route=\/wp\/v2\/posts"}],"about":[{"href":"https:\/\/sacramentoqr.com\/index.php?rest_route=\/wp\/v2\/types\/post"}],"author":[{"embeddable":true,"href":"https:\/\/sacramentoqr.com\/index.php?rest_route=\/wp\/v2\/users\/1"}],"replies":[{"embeddable":true,"href":"https:\/\/sacramentoqr.com\/index.php?rest_route=%2Fwp%2Fv2%2Fcomments&post=6536"}],"version-history":[{"count":1,"href":"https:\/\/sacramentoqr.com\/index.php?rest_route=\/wp\/v2\/posts\/6536\/revisions"}],"predecessor-version":[{"id":6539,"href":"https:\/\/sacramentoqr.com\/index.php?rest_route=\/wp\/v2\/posts\/6536\/revisions\/6539"}],"wp:featuredmedia":[{"embeddable":true,"href":"https:\/\/sacramentoqr.com\/index.php?rest_route=\/wp\/v2\/media\/6538"}],"wp:attachment":[{"href":"https:\/\/sacramentoqr.com\/index.php?rest_route=%2Fwp%2Fv2%2Fmedia&parent=6536"}],"wp:term":[{"taxonomy":"category","embeddable":true,"href":"https:\/\/sacramentoqr.com\/index.php?rest_route=%2Fwp%2Fv2%2Fcategories&post=6536"},{"taxonomy":"post_tag","embeddable":true,"href":"https:\/\/sacramentoqr.com\/index.php?rest_route=%2Fwp%2Fv2%2Ftags&post=6536"}],"curies":[{"name":"wp","href":"https:\/\/api.w.org\/{rel}","templated":true}]}}