{"id":6547,"date":"2022-01-18T17:04:53","date_gmt":"2022-01-18T17:04:53","guid":{"rendered":"https:\/\/sacramentoqr.com\/?p=6547"},"modified":"2022-02-24T17:07:38","modified_gmt":"2022-02-24T17:07:38","slug":"los-mejores-sets-de-vajilla-para-bebes","status":"publish","type":"post","link":"https:\/\/sacramentoqr.com\/?p=6547","title":{"rendered":"Los mejores sets de vajilla para beb\u00e9s"},"content":{"rendered":"<p class=\"\">Cuando los beb\u00e9s empiezan a comer s\u00f3lido, es aconsejable ayudarles con platos, cuencos o cubiertos adecuados a sus necesidades. Algunos aspectos que se han de tener en cuenta al adquirirlos es que sean utensilios fabricados con materiales saludables que no se rompan f\u00e1cilmente, que soporten los golpes, y que se puedan fijar a las superficies para evitar derrames.<\/p>\n<p class=\"\">En el mercado existe una amplia oferta de vajilla para beb\u00e9s, pero en EL PA\u00cdS Escaparate hemos seleccionado cuatro\u00a0<i>sets<\/i>\u00a0que destacan en Amazon por su calidad y prestaciones. Productos adecuados para regalar o para equiparse en casa con el menaje m\u00e1s adecuado para beb\u00e9s y ni\u00f1os peque\u00f1os.<\/p>\n<p>&nbsp;<\/p>\n<p>Un pr\u00e1ctico set de vajilla para uso diario compuesto de un plato con dos cuencos, una taza con asas, cuenco, tenedor y cuchara. Est\u00e1 recomendada para beb\u00e9s a partir de los seis meses y no presenta bordes afilados. Las esquinas son redondeadas e incluye separaciones interiores en los platos para distribuir las porciones c\u00f3modamente.<\/p>\n<p>&nbsp;<\/p>\n<h3 class=\"\">Vajilla de aprendizaje, Suavinex<\/h3>\n<figure class=\"a_m a_m-h\"><span class=\"_db a_m_w\"><img loading=\"lazy\" decoding=\"async\" class=\"_re lazyload a_m-h\" src=\"https:\/\/imagenes.elpais.com\/resizer\/b_3J9kNOoPv0Zv530YrVbkqUtLU=\/414x0\/cloudfront-eu-central-1.images.arcpublishing.com\/prisa\/COV2QCHWCJFHZFYVVDXHK4KDLA.png\" srcset=\"https:\/\/imagenes.elpais.com\/resizer\/b_3J9kNOoPv0Zv530YrVbkqUtLU=\/414x0\/cloudfront-eu-central-1.images.arcpublishing.com\/prisa\/COV2QCHWCJFHZFYVVDXHK4KDLA.png 414w,https:\/\/imagenes.elpais.com\/resizer\/XmE1xeDhaRjGYAHj-uMOkBBeH-U=\/828x0\/cloudfront-eu-central-1.images.arcpublishing.com\/prisa\/COV2QCHWCJFHZFYVVDXHK4KDLA.png 640w,https:\/\/imagenes.elpais.com\/resizer\/xiy6pEKynMHIidcu9RFgZeHNGeY=\/980x0\/cloudfront-eu-central-1.images.arcpublishing.com\/prisa\/COV2QCHWCJFHZFYVVDXHK4KDLA.png 1000w,https:\/\/imagenes.elpais.com\/resizer\/evjEFGoyz3YdjH41cVE8IC2_Ixk=\/1960x0\/cloudfront-eu-central-1.images.arcpublishing.com\/prisa\/COV2QCHWCJFHZFYVVDXHK4KDLA.png 1960w\" width=\"414\" height=\"233\" \/><\/span><\/figure>\n<p class=\"\">Se trata de una vajilla infantil incluida en la colecci\u00f3n\u00a0<i>Hygge<\/i>\u00a0de Suavinex que incluye formas y materiales adaptados a las necesidades de los m\u00e1s peque\u00f1os. Este modelo, en concreto, est\u00e1 formado por cinco piezas en color verde y blanco y es adecuada para ni\u00f1os a partir de seis meses.<\/p>\n<div class=\"a_fts\" data-dtm-region=\"articulo_sumarioenlaces-fototexto\">\n<section class=\"a_ft _g _g-xs\">\n<figure class=\"a_ft_m a_m-h\"><span class=\"a_m_w _db\"><img loading=\"lazy\" decoding=\"async\" class=\"_re lazyload a_m-h\" src=\"https:\/\/imagenes.elpais.com\/resizer\/J4p7DoScGrZ30cWUJlMdEZzZP5E=\/414x414\/cloudfront-eu-central-1.images.arcpublishing.com\/prisa\/CISL6F5WL5COLI74CE3EZZFZ5Y.png\" srcset=\"https:\/\/imagenes.elpais.com\/resizer\/oVKI8K9ZmZyoNM_7kHt46E3baCA=\/290x290\/cloudfront-eu-central-1.images.arcpublishing.com\/prisa\/CISL6F5WL5COLI74CE3EZZFZ5Y.png 290w,https:\/\/imagenes.elpais.com\/resizer\/J4p7DoScGrZ30cWUJlMdEZzZP5E=\/414x414\/cloudfront-eu-central-1.images.arcpublishing.com\/prisa\/CISL6F5WL5COLI74CE3EZZFZ5Y.png 414w\" alt=\"\" width=\"414\" height=\"414\" \/><\/span><\/figure>\n<div class=\"a_ft_txt\">\n<h2 class=\"a_ft_t\">Compatible con el lavavajillas<\/h2>\n<div>Una ventaja de estos utensilios para beb\u00e9s es que se pueden introducir en el microondas y lavavajillas sin miedo a que se estropeen. El pack incluye un plato llano de gran capacidad, un bol, una taza y cuchara ergon\u00f3mica. Tambi\u00e9n se acompa\u00f1a de un mantel antideslizante.<\/div>\n<\/div>\n<\/section>\n<\/div>\n<div class=\"a_btn\"><a class=\"button | flex showcase btn a_btn_l _d-ib\" href=\"https:\/\/www.amazon.es\/Suavinex-300830-Vajilla-para-ni%C3%B1o\/dp\/B007NZI6JW?&amp;linkCode=ll1&amp;tag=eponsitebebes180122-21&amp;linkId=5aaf7739e7ecd200453fe80aabcf1ed1&amp;language=es_ES&amp;ref_=as_li_ss_tl&amp;asc_source=1645722314481_5315942\" target=\"_blank\" rel=\"noopener noreferrer nofollow\" data-audiencevendor=\"amazon\" data-link-track-dtm=\"\">COMPRA POR 25,59\u20ac EN AMAZON<\/a><\/div>\n<h3 class=\"\">Set de vajilla apto para microondas, Jan\u00e9<\/h3>\n<figure class=\"a_m a_m-h\"><span class=\"_db a_m_w\"><img loading=\"lazy\" decoding=\"async\" class=\"_re lazyload a_m-h\" src=\"https:\/\/imagenes.elpais.com\/resizer\/kQWhNBgArzXDVdBJAqF0deqCn6E=\/414x0\/cloudfront-eu-central-1.images.arcpublishing.com\/prisa\/452JC4LJOBGJRJ643LICPZAXNU.png\" srcset=\"https:\/\/imagenes.elpais.com\/resizer\/kQWhNBgArzXDVdBJAqF0deqCn6E=\/414x0\/cloudfront-eu-central-1.images.arcpublishing.com\/prisa\/452JC4LJOBGJRJ643LICPZAXNU.png 414w,https:\/\/imagenes.elpais.com\/resizer\/wN6AAoa0iYVUixabwkIezcaj4-s=\/828x0\/cloudfront-eu-central-1.images.arcpublishing.com\/prisa\/452JC4LJOBGJRJ643LICPZAXNU.png 640w,https:\/\/imagenes.elpais.com\/resizer\/6P9fNNmd6ISgaqLo6TwNeHA0fYM=\/980x0\/cloudfront-eu-central-1.images.arcpublishing.com\/prisa\/452JC4LJOBGJRJ643LICPZAXNU.png 1000w,https:\/\/imagenes.elpais.com\/resizer\/A3iC0O66D0je1AtPB3kmR1LXFjo=\/1960x0\/cloudfront-eu-central-1.images.arcpublishing.com\/prisa\/452JC4LJOBGJRJ643LICPZAXNU.png 1960w\" width=\"414\" height=\"233\" \/><\/span><\/figure>\n<p class=\"\">Un completo\u00a0<i>kit<\/i>\u00a0que incluye un plato, una taza con asa ergon\u00f3mica, un bol, cuchara y tenedor. Todos los utensilios se pueden introducir en el microondas para calentar la comida y tambi\u00e9n son aptos para lavar en el lavavajillas.<\/p>\n<div class=\"a_fts\" data-dtm-region=\"articulo_sumarioenlaces-fototexto\">\n<section class=\"a_ft _g _g-xs\">\n<figure class=\"a_ft_m a_m-h\"><span class=\"a_m_w _db\"><img loading=\"lazy\" decoding=\"async\" class=\"_re lazyload a_m-h\" src=\"https:\/\/imagenes.elpais.com\/resizer\/PsarUiD4Bs6kLnpsCgP1xCA1Zlc=\/414x414\/cloudfront-eu-central-1.images.arcpublishing.com\/prisa\/2M4QXYQMQNCCDHBN4GYY5EOVVU.png\" srcset=\"https:\/\/imagenes.elpais.com\/resizer\/SDSGQ2BuVyrftKW5ANZmSKZSOXA=\/290x290\/cloudfront-eu-central-1.images.arcpublishing.com\/prisa\/2M4QXYQMQNCCDHBN4GYY5EOVVU.png 290w,https:\/\/imagenes.elpais.com\/resizer\/PsarUiD4Bs6kLnpsCgP1xCA1Zlc=\/414x414\/cloudfront-eu-central-1.images.arcpublishing.com\/prisa\/2M4QXYQMQNCCDHBN4GYY5EOVVU.png 414w\" alt=\"\" width=\"414\" height=\"414\" \/><\/span><\/figure>\n<div class=\"a_ft_txt\">\n<h2 class=\"a_ft_t\">Decorado con pinturas no t\u00f3xicas<\/h2>\n<div>Se trata de un set que se presenta en una caja perfecta para regalar y que cumple con los requisitos de seguridad de beb\u00e9s y ni\u00f1os. Los platos y cubiertos est\u00e1n fabricados en melanina y decorados con pinturas no t\u00f3xicas. Se acompa\u00f1a de un bonito babero textil a conjunto.<\/div>\n<\/div>\n<\/section>\n<\/div>\n<div class=\"a_btn\"><a class=\"button | flex showcase btn a_btn_l _d-ib\" href=\"https:\/\/www.amazon.es\/Jan%C3%A9-070191C01-Juegos-de-vajilla\/dp\/B01N7XMYT4?&amp;linkCode=ll1&amp;tag=eponsitebebes180122-21&amp;linkId=417439ccc1111108b35741cd4e320c20&amp;language=es_ES&amp;ref_=as_li_ss_tl&amp;asc_source=1645722314481_5315942\" target=\"_blank\" rel=\"noopener noreferrer nofollow\" data-audiencevendor=\"amazon\" data-link-track-dtm=\"\">COMPRA POR 18,95\u20ac EN AMAZON<\/a><\/div>\n<h3 class=\"\">Platos de silicona con ventosa, Dsaren<\/h3>\n<figure class=\"a_m a_m-h\"><span class=\"_db a_m_w\"><img loading=\"lazy\" decoding=\"async\" class=\"_re lazyload a_m-h\" src=\"https:\/\/imagenes.elpais.com\/resizer\/G898AhcCwreDILmgxK5Edb8dzDM=\/414x0\/cloudfront-eu-central-1.images.arcpublishing.com\/prisa\/UOJDKRCR5JFEBHEXJTZXYQFVDQ.png\" srcset=\"https:\/\/imagenes.elpais.com\/resizer\/G898AhcCwreDILmgxK5Edb8dzDM=\/414x0\/cloudfront-eu-central-1.images.arcpublishing.com\/prisa\/UOJDKRCR5JFEBHEXJTZXYQFVDQ.png 414w,https:\/\/imagenes.elpais.com\/resizer\/Dxqjx4v1O2PgxjJrjwntBlBWZfE=\/828x0\/cloudfront-eu-central-1.images.arcpublishing.com\/prisa\/UOJDKRCR5JFEBHEXJTZXYQFVDQ.png 640w,https:\/\/imagenes.elpais.com\/resizer\/yMbunBDxrXhgXdwjMmmBjVJkCxg=\/980x0\/cloudfront-eu-central-1.images.arcpublishing.com\/prisa\/UOJDKRCR5JFEBHEXJTZXYQFVDQ.png 1000w,https:\/\/imagenes.elpais.com\/resizer\/ebzvUzblYwiLRty6B4vCSfkyOHU=\/1960x0\/cloudfront-eu-central-1.images.arcpublishing.com\/prisa\/UOJDKRCR5JFEBHEXJTZXYQFVDQ.png 1960w\" width=\"414\" height=\"233\" \/><\/span><\/figure>\n<p class=\"\">Disponibles en dos colores (azul y rosa) estos divertidos platos resultan muy pr\u00e1cticos para dar de comer a los ni\u00f1os porque est\u00e1n muy bien compartimentados y disponen de ventosas en la parte inferior para que queden bien fijados a la mesa o la trona. El plato tiene forma de cangrejo y se acompa\u00f1a de una cuchara.<\/p>\n<div class=\"a_fts\" data-dtm-region=\"articulo_sumarioenlaces-fototexto\">\n<section class=\"a_ft _g _g-xs\">\n<figure class=\"a_ft_m a_m-h\"><span class=\"a_m_w _db\"><img loading=\"lazy\" decoding=\"async\" class=\"_re lazyload a_m-h\" src=\"https:\/\/imagenes.elpais.com\/resizer\/lzlWm-ouVPC_DPP-DBHW0YWbB18=\/414x414\/cloudfront-eu-central-1.images.arcpublishing.com\/prisa\/SD432DOQP5AEVKLL3RW4WBFC7I.png\" srcset=\"https:\/\/imagenes.elpais.com\/resizer\/yn8uKfBo2964HtwP6GBm8i_SaPY=\/290x290\/cloudfront-eu-central-1.images.arcpublishing.com\/prisa\/SD432DOQP5AEVKLL3RW4WBFC7I.png 290w,https:\/\/imagenes.elpais.com\/resizer\/lzlWm-ouVPC_DPP-DBHW0YWbB18=\/414x414\/cloudfront-eu-central-1.images.arcpublishing.com\/prisa\/SD432DOQP5AEVKLL3RW4WBFC7I.png 414w\" alt=\"\" width=\"414\" height=\"414\" \/><\/span><\/figure>\n<div class=\"a_ft_txt\">\n<h2 class=\"a_ft_t\">Aptos para microondas<\/h2>\n<div>Est\u00e1n confeccionados en un material de silicona suave para proteger los dientes de los beb\u00e9s, son muy f\u00e1ciles de limpiar y se pueden introducir en el lavavajillas, el horno, el congelador o el microondas. La silicona, adem\u00e1s, es muy dif\u00edcil de deformar y est\u00e1n equipados con bases antideslizantes para evitar derrames.<\/div>\n<\/div>\n<\/section>\n<\/div>\n","protected":false},"excerpt":{"rendered":"<p>Cuando los beb\u00e9s empiezan a comer s\u00f3lido, es aconsejable ayudarles con platos, cuencos o cubiertos&#8230;<\/p>\n","protected":false},"author":1,"featured_media":6548,"comment_status":"closed","ping_status":"closed","sticky":false,"template":"","format":"standard","meta":{"footnotes":""},"categories":[2],"tags":[],"class_list":["post-6547","post","type-post","status-publish","format-standard","has-post-thumbnail","hentry","category-cultural"],"_links":{"self":[{"href":"https:\/\/sacramentoqr.com\/index.php?rest_route=\/wp\/v2\/posts\/6547","targetHints":{"allow":["GET"]}}],"collection":[{"href":"https:\/\/sacramentoqr.com\/index.php?rest_route=\/wp\/v2\/posts"}],"about":[{"href":"https:\/\/sacramentoqr.com\/index.php?rest_route=\/wp\/v2\/types\/post"}],"author":[{"embeddable":true,"href":"https:\/\/sacramentoqr.com\/index.php?rest_route=\/wp\/v2\/users\/1"}],"replies":[{"embeddable":true,"href":"https:\/\/sacramentoqr.com\/index.php?rest_route=%2Fwp%2Fv2%2Fcomments&post=6547"}],"version-history":[{"count":1,"href":"https:\/\/sacramentoqr.com\/index.php?rest_route=\/wp\/v2\/posts\/6547\/revisions"}],"predecessor-version":[{"id":6549,"href":"https:\/\/sacramentoqr.com\/index.php?rest_route=\/wp\/v2\/posts\/6547\/revisions\/6549"}],"wp:featuredmedia":[{"embeddable":true,"href":"https:\/\/sacramentoqr.com\/index.php?rest_route=\/wp\/v2\/media\/6548"}],"wp:attachment":[{"href":"https:\/\/sacramentoqr.com\/index.php?rest_route=%2Fwp%2Fv2%2Fmedia&parent=6547"}],"wp:term":[{"taxonomy":"category","embeddable":true,"href":"https:\/\/sacramentoqr.com\/index.php?rest_route=%2Fwp%2Fv2%2Fcategories&post=6547"},{"taxonomy":"post_tag","embeddable":true,"href":"https:\/\/sacramentoqr.com\/index.php?rest_route=%2Fwp%2Fv2%2Ftags&post=6547"}],"curies":[{"name":"wp","href":"https:\/\/api.w.org\/{rel}","templated":true}]}}