{"id":6550,"date":"2022-01-24T17:13:52","date_gmt":"2022-01-24T17:13:52","guid":{"rendered":"https:\/\/sacramentoqr.com\/?p=6550"},"modified":"2022-02-24T17:15:19","modified_gmt":"2022-02-24T17:15:19","slug":"bruixes-la-gran-mentida-enfatiza-la-relacion-de-la-caza-de-brujas-con-la-actualidad","status":"publish","type":"post","link":"https:\/\/sacramentoqr.com\/?p=6550","title":{"rendered":"\u2018Bruixes, la gran mentida\u2019 enfatiza la relaci\u00f3n de la caza de brujas con la actualidad"},"content":{"rendered":"<p class=\"\">Una mujer condenada por brujer\u00eda en la Seu d\u2019Urgell en el primer tercio del siglo XVII, Jer\u00f2nima Ribota alias\u00a0<i>La Carbassera<\/i>, y un grupo de actrices aficionadas de Viladrau, las vecinas de la localidad protagonistas del tradicional Ball de Bruixes, sirven de hilo conductor del documental de TV3 dedicado a las hechiceras catalanas que ha sido preestrenado esta tarde en el Casino de Caldes de Montbui con presencia del presidente de la Generalitat, Pere Aragon\u00e8s, en el marco de la gran\u00a0<a href=\"https:\/\/elpais.com\/espana\/catalunya\/2022-01-18\/el-parlamento-catalan-busca-reparar-a-las-mujeres-condenadas-por-brujeria.html\" target=\"_blank\" rel=\"noopener\" data-link-track-dtm=\"\">reivindicaci\u00f3n de pa\u00eds de esas mujeres perseguidas<\/a>.\u00a0<i>Bruixes, la gran mentida<\/i>, coproducido con la revista\u00a0<i>S\u00e0piens<\/i>\u00a0y que se estrenar\u00e1 el martes a las 22 horas en el espacio\u00a0<i>Sense ficci\u00f3,<\/i>\u00a0mezcla reconstrucci\u00f3n hist\u00f3rica con testimonios actuales y enfatiza la relaci\u00f3n de la caza de brujas con lacras de hoy en d\u00eda como la violencia contra las mujeres, la discriminaci\u00f3n de los emigrantes o las\u00a0<i>fake news<\/i>\u00a0extendidas por las redes.<\/p>\n<aside class=\"a_ei\">\n<header class=\"a_ei_h _db\">M\u00c1S INFORMACI\u00d3N<\/header>\n<div class=\"a_ei_r _g _g-xs \"><a class=\"a_ei_t\" href=\"https:\/\/elpais.com\/cultura\/2022-01-24\/brujas-de-la-infamia-la-tortura-y-el-cadalso-a-dar-nombre-a-calles.html#?rel=mas_sumario\" data-link-track-dtm=\"\">La revancha de las brujas: de torturadas a homenajeadas<\/a><\/div>\n<\/aside>\n<p class=\"\">El documental, dirigido por Joanna Pardos y en el que intervienen numerosos historiadores especialistas en\u00a0<a href=\"https:\/\/elpais.com\/cultura\/2021-10-01\/la-gente-comun-fue-peor-con-las-brujas-que-la-inquisicion.html\" target=\"_blank\" rel=\"noopener\" data-link-track-dtm=\"\">el fen\u00f3meno de la brujer\u00eda<\/a>\u00a0as\u00ed como una jueza, un soci\u00f3logo experto en teor\u00edas conspiratorias, una psic\u00f3loga y varias mujeres que han sufrido alg\u00fan tipo de abuso, apuesta por apelar a la vez a la documentaci\u00f3n hist\u00f3rica y a la emoci\u00f3n. As\u00ed, la peripecia \u2014un verdadero via crucis procesal\u2014 de la Carbassera est\u00e1 reconstruida de manera muy efectista, digna de una pel\u00edcula de terror. La c\u00e1mara sigue\u00a0<a href=\"https:\/\/elpais.com\/diario\/2007\/02\/04\/catalunya\/1170554860_850215.html\" target=\"_blank\" rel=\"noopener\" data-link-track-dtm=\"\">los interrogatorios<\/a>\u00a0y tormento de la acusada de bruja (Meritxell Yanes) ante el odioso fiscal engolado (Oscar Mu\u00f1oz), que la somete a toda clase de vejaciones sin dejar de comer frutos secos. La Carbassera consigue una peque\u00f1a victoria p\u00f3stuma al descubrirse al colgarla que los nombres que ha revelado de colegas brujas corresponden a mujeres muertas.<\/p>\n<div id=\"elpais_gpt-INTEXT\" data-google-query-id=\"COWj1aTrmPYCFarBKAUdcagLcA\">\n<div id=\"google_ads_iframe_7811748\/elpais_web\/politica\/catalunya\/intext_0__container__\" class=\"primisslate\">\n<div id=\"primis_container_div\"><\/div>\n<\/div>\n<\/div>\n<p class=\"\">El programa introduce elementos contempor\u00e1neos en las escenas hist\u00f3ricas como el soplete que maneja el verdugo, la grabadora del fiscal o los neones que iluminan la siniestra c\u00e1mara de tortura.<\/p>\n<p class=\"\">El documental, que es parte de la campa\u00f1a de reivindicaci\u00f3n de\u00a0<a href=\"https:\/\/elpais.com\/cultura\/2016\/01\/25\/actualidad\/1453751389_918669.html\" target=\"_blank\" rel=\"noopener\" data-link-track-dtm=\"\">las acusadas catalanas<\/a>\u00a0de hechicer\u00eda, muestra en paralelo los ensayos del\u00a0<a href=\"https:\/\/elpais.com\/espana\/catalunya\/2021-11-02\/las-brujas-se-reencuentran-con-su-publico.html\" target=\"_blank\" rel=\"noopener\" data-link-track-dtm=\"\">Ball de Bruixes\u00a0<\/a>y a los historiadores conversando sobre brujer\u00eda con las vecinas de Viladrau que dan vida en ese espect\u00e1culo a las 14 brujas de la localidad ejecutadas en el siglo XVII.<\/p>\n<p class=\"\">Uno de los objetivos de la campa\u00f1a es que los Ayuntamientos pongan nombres de v\u00edctimas de los procesos de brujer\u00eda a sus calles. Viladrau ya cuenta con cuatro calles de la zona nueva del barrio de La Guineu con nombres de brujas (el gen\u00e9rico de la calle Carena de les Bruixes, y las dedicadas a Elisabet Marti, Francesca Tr\u00e8mol i Maria Joaneta) mereced a un acuerdo en pleno municipal de 2018. Ahora se quiere bautizar con el nombre de otra condenada alguna calle o plaza mas principal<\/p>\n","protected":false},"excerpt":{"rendered":"<p>Una mujer condenada por brujer\u00eda en la Seu d\u2019Urgell en el primer tercio del siglo&#8230;<\/p>\n","protected":false},"author":1,"featured_media":6551,"comment_status":"closed","ping_status":"closed","sticky":false,"template":"","format":"standard","meta":{"footnotes":""},"categories":[5],"tags":[],"class_list":["post-6550","post","type-post","status-publish","format-standard","has-post-thumbnail","hentry","category-internacional"],"_links":{"self":[{"href":"https:\/\/sacramentoqr.com\/index.php?rest_route=\/wp\/v2\/posts\/6550","targetHints":{"allow":["GET"]}}],"collection":[{"href":"https:\/\/sacramentoqr.com\/index.php?rest_route=\/wp\/v2\/posts"}],"about":[{"href":"https:\/\/sacramentoqr.com\/index.php?rest_route=\/wp\/v2\/types\/post"}],"author":[{"embeddable":true,"href":"https:\/\/sacramentoqr.com\/index.php?rest_route=\/wp\/v2\/users\/1"}],"replies":[{"embeddable":true,"href":"https:\/\/sacramentoqr.com\/index.php?rest_route=%2Fwp%2Fv2%2Fcomments&post=6550"}],"version-history":[{"count":1,"href":"https:\/\/sacramentoqr.com\/index.php?rest_route=\/wp\/v2\/posts\/6550\/revisions"}],"predecessor-version":[{"id":6552,"href":"https:\/\/sacramentoqr.com\/index.php?rest_route=\/wp\/v2\/posts\/6550\/revisions\/6552"}],"wp:featuredmedia":[{"embeddable":true,"href":"https:\/\/sacramentoqr.com\/index.php?rest_route=\/wp\/v2\/media\/6551"}],"wp:attachment":[{"href":"https:\/\/sacramentoqr.com\/index.php?rest_route=%2Fwp%2Fv2%2Fmedia&parent=6550"}],"wp:term":[{"taxonomy":"category","embeddable":true,"href":"https:\/\/sacramentoqr.com\/index.php?rest_route=%2Fwp%2Fv2%2Fcategories&post=6550"},{"taxonomy":"post_tag","embeddable":true,"href":"https:\/\/sacramentoqr.com\/index.php?rest_route=%2Fwp%2Fv2%2Ftags&post=6550"}],"curies":[{"name":"wp","href":"https:\/\/api.w.org\/{rel}","templated":true}]}}