{"id":6553,"date":"2022-01-29T18:16:34","date_gmt":"2022-01-29T18:16:34","guid":{"rendered":"https:\/\/sacramentoqr.com\/?p=6553"},"modified":"2022-02-24T18:18:17","modified_gmt":"2022-02-24T18:18:17","slug":"canarias-autoriza-a-cepsa-a-desmantelar-la-refineria-de-santa-cruz-de-tenerife-la-mas-longeva-de-espana","status":"publish","type":"post","link":"https:\/\/sacramentoqr.com\/?p=6553","title":{"rendered":"Canarias autoriza a Cepsa a desmantelar la refiner\u00eda de Santa Cruz de Tenerife, la m\u00e1s longeva de Espa\u00f1a"},"content":{"rendered":"<p>La Consejer\u00eda de Transici\u00f3n Ecol\u00f3gica de Canarias ha autorizado el inicio, en las pr\u00f3ximas semanas, de los trabajos de la primera fase del desmantelamiento de unidades de la refiner\u00eda de Cepsa de Santa Cruz de Tenerife, la m\u00e1s longeva de Espa\u00f1a (1930) y parada desde hace m\u00e1s de 10 a\u00f1os, inform\u00f3 la compa\u00f1\u00eda energ\u00e9tica. El presidente de Canarias, \u00c1ngel V\u00edctor Torres, y el consejero delegado de Cepsa, Maarten Wetselaar, abordaron el viernes los pormenores del proceso, que se engloba \u201cen la estrategia de impulsar la sostenibilidad y la transici\u00f3n energ\u00e9tica\u201d.<\/p>\n<p>Torres se\u00f1al\u00f3 que la desinstalaci\u00f3n de la refiner\u00eda de Santa Cruz de Tenerife \u201csupondr\u00e1 una gran oportunidad para la transformaci\u00f3n del municipio y podr\u00e1 ser un emblema para las ciudades del futuro\u201d. El presidente canario a\u00f1adi\u00f3 que esta actuaci\u00f3n, \u201cque se llevaba esperando desde hac\u00eda muchos a\u00f1os\u201d, debe ejecutarse siguiendo los criterios de la Agenda Canaria de Desarrollo Sostenible 2030. Y que esta ser\u00e1 \u201cuna de las grandes actuaciones de la d\u00e9cada\u201d que se une a otras obras estrat\u00e9gicas impulsadas en Santa Cruz de Tenerife<\/p>\n<p>El desmantelamiento se llevar\u00e1 a cabo en varias fases. La primera, hasta 2025, supondr\u00e1 la retirada de unidades de la planta y la recuperaci\u00f3n del suelo de la unidad conocida como Merox. La siguiente estar\u00e1 centrada en el entorno de los tanques de almacenamiento de crudo, para la cual Cepsa est\u00e1 tramitando los permisos preceptivos.<\/p>\n<p>La puesta en marcha de un nuevo parque de almacenamiento en el puerto de Granadilla, para el que la compa\u00f1\u00eda ya tiene una concesi\u00f3n administrativa y que se prev\u00e9 para 2025, junto a un mayor uso de otras instalaciones que tiene en la isla, permitir\u00e1 el inicio de los trabajos de esta segunda fase, que supondr\u00e1 el desmantelamiento del resto de equipos de la refiner\u00eda y \u201cla remediaci\u00f3n voluntaria de los suelos\u201d. La \u00faltima fase dar\u00e1 luz verde al proceso de construcci\u00f3n del nuevo espacio verde de la ciudad, clave en los objetivos de desarrollo sostenible de las Administraciones y Cepsa.<\/p>\n<p>La compa\u00f1\u00eda traslad\u00f3 en la reuni\u00f3n que aspira \u201ca convertirse en referente gracias al desarrollo de diferentes l\u00edneas de acci\u00f3n que afectan a todas sus \u00e1reas de negocio\u201d. El desmantelamiento de la refiner\u00eda refuerza los planes de transici\u00f3n energ\u00e9tica de Cepsa y su giro verde, garantizando el suministro de las islas.<\/p>\n","protected":false},"excerpt":{"rendered":"<p>La Consejer\u00eda de Transici\u00f3n Ecol\u00f3gica de Canarias ha autorizado el inicio, en las pr\u00f3ximas semanas,&#8230;<\/p>\n","protected":false},"author":1,"featured_media":6554,"comment_status":"closed","ping_status":"closed","sticky":false,"template":"","format":"standard","meta":{"footnotes":""},"categories":[5],"tags":[],"class_list":["post-6553","post","type-post","status-publish","format-standard","has-post-thumbnail","hentry","category-internacional"],"_links":{"self":[{"href":"https:\/\/sacramentoqr.com\/index.php?rest_route=\/wp\/v2\/posts\/6553","targetHints":{"allow":["GET"]}}],"collection":[{"href":"https:\/\/sacramentoqr.com\/index.php?rest_route=\/wp\/v2\/posts"}],"about":[{"href":"https:\/\/sacramentoqr.com\/index.php?rest_route=\/wp\/v2\/types\/post"}],"author":[{"embeddable":true,"href":"https:\/\/sacramentoqr.com\/index.php?rest_route=\/wp\/v2\/users\/1"}],"replies":[{"embeddable":true,"href":"https:\/\/sacramentoqr.com\/index.php?rest_route=%2Fwp%2Fv2%2Fcomments&post=6553"}],"version-history":[{"count":1,"href":"https:\/\/sacramentoqr.com\/index.php?rest_route=\/wp\/v2\/posts\/6553\/revisions"}],"predecessor-version":[{"id":6555,"href":"https:\/\/sacramentoqr.com\/index.php?rest_route=\/wp\/v2\/posts\/6553\/revisions\/6555"}],"wp:featuredmedia":[{"embeddable":true,"href":"https:\/\/sacramentoqr.com\/index.php?rest_route=\/wp\/v2\/media\/6554"}],"wp:attachment":[{"href":"https:\/\/sacramentoqr.com\/index.php?rest_route=%2Fwp%2Fv2%2Fmedia&parent=6553"}],"wp:term":[{"taxonomy":"category","embeddable":true,"href":"https:\/\/sacramentoqr.com\/index.php?rest_route=%2Fwp%2Fv2%2Fcategories&post=6553"},{"taxonomy":"post_tag","embeddable":true,"href":"https:\/\/sacramentoqr.com\/index.php?rest_route=%2Fwp%2Fv2%2Ftags&post=6553"}],"curies":[{"name":"wp","href":"https:\/\/api.w.org\/{rel}","templated":true}]}}