{"id":7661,"date":"2022-05-02T22:25:50","date_gmt":"2022-05-03T03:25:50","guid":{"rendered":"https:\/\/sacramentoqr.com\/?p=7661"},"modified":"2022-05-04T03:26:48","modified_gmt":"2022-05-04T03:26:48","slug":"inauguran-feria-de-el-cedral-en-cozumel","status":"publish","type":"post","link":"https:\/\/sacramentoqr.com\/?p=7661","title":{"rendered":"Inauguran Feria de El Cedral en Cozumel"},"content":{"rendered":"<h4 style=\"text-align: center;\">Autoridades locales inauguraron hoy la tradicional Feria de El Cedral en honor a la Santa Cruz de Sab\u00e1n en el poblado de el mismo nombre, la cual tendr\u00e1 lugar del 1 al 3 de mayo, con diversas actividades religiosas, deportivas, art\u00edsticas y culturales.<\/h4>\n<p>Para dar inicio con esta celebraci\u00f3n, integrantes del Comisariado Ejidal, acompa\u00f1ados del \u201cBastonero Mayor\u201d, Eligio C\u00e1rdenas e invitados especiales llevaron a cabo, como es ya una tradici\u00f3n, el corte de list\u00f3n en el monumento a Casimiro C\u00e1rdenas, a un costado de la palapa principal.<\/p>\n<p>Posteriormente, frente a cientos de cedrale\u00f1os se realiz\u00f3 la coronaci\u00f3n de la madrina de esta festividad, Rosa Mar\u00eda C\u00e1rdenas Villanueva, as\u00ed como una pasarela de ternos yucatecos con los botoncitos, capullos, flores de El Cedral y una representaci\u00f3n de una boda maya.<\/p>\n<p>Como cada a\u00f1o, el ejido Villa Cozumel lleva a cabo las fiestas de El Cedral, con actividades art\u00edsticas, culturales y deportivas, dando inicio a una de las festividades con mayor tradici\u00f3n en la isla.<\/p>\n<p>La fiesta de El Cedral es una celebraci\u00f3n religiosa de gran importancia y tradici\u00f3n para su comunidad, un tesoro cultural, y sus or\u00edgenes se remiten a 1848 cuando Casimiro C\u00e1rdenas sobrevivi\u00f3 a la llamada Guerra de Castas y ofreci\u00f3 honrar a la Santa Cruz cada 3 de mayo, y as\u00ed lo hizo hasta su muerte, heredando a sus hijos lo que se ha convertido en una de las tradiciones m\u00e1s grandes y arraigadas de la isla.\u00a0<strong>(Infoqroo)<\/strong><\/p>\n","protected":false},"excerpt":{"rendered":"<p>Autoridades locales inauguraron hoy la tradicional Feria de El Cedral en honor a la Santa&#8230;<\/p>\n","protected":false},"author":1,"featured_media":7663,"comment_status":"open","ping_status":"closed","sticky":false,"template":"","format":"standard","meta":{"footnotes":""},"categories":[2,4,6,10],"tags":[],"class_list":["post-7661","post","type-post","status-publish","format-standard","has-post-thumbnail","hentry","category-cultural","category-espectaculos","category-local","category-quintana-roo"],"_links":{"self":[{"href":"https:\/\/sacramentoqr.com\/index.php?rest_route=\/wp\/v2\/posts\/7661","targetHints":{"allow":["GET"]}}],"collection":[{"href":"https:\/\/sacramentoqr.com\/index.php?rest_route=\/wp\/v2\/posts"}],"about":[{"href":"https:\/\/sacramentoqr.com\/index.php?rest_route=\/wp\/v2\/types\/post"}],"author":[{"embeddable":true,"href":"https:\/\/sacramentoqr.com\/index.php?rest_route=\/wp\/v2\/users\/1"}],"replies":[{"embeddable":true,"href":"https:\/\/sacramentoqr.com\/index.php?rest_route=%2Fwp%2Fv2%2Fcomments&post=7661"}],"version-history":[{"count":1,"href":"https:\/\/sacramentoqr.com\/index.php?rest_route=\/wp\/v2\/posts\/7661\/revisions"}],"predecessor-version":[{"id":7662,"href":"https:\/\/sacramentoqr.com\/index.php?rest_route=\/wp\/v2\/posts\/7661\/revisions\/7662"}],"wp:featuredmedia":[{"embeddable":true,"href":"https:\/\/sacramentoqr.com\/index.php?rest_route=\/wp\/v2\/media\/7663"}],"wp:attachment":[{"href":"https:\/\/sacramentoqr.com\/index.php?rest_route=%2Fwp%2Fv2%2Fmedia&parent=7661"}],"wp:term":[{"taxonomy":"category","embeddable":true,"href":"https:\/\/sacramentoqr.com\/index.php?rest_route=%2Fwp%2Fv2%2Fcategories&post=7661"},{"taxonomy":"post_tag","embeddable":true,"href":"https:\/\/sacramentoqr.com\/index.php?rest_route=%2Fwp%2Fv2%2Ftags&post=7661"}],"curies":[{"name":"wp","href":"https:\/\/api.w.org\/{rel}","templated":true}]}}