{"id":7700,"date":"2022-05-04T21:31:28","date_gmt":"2022-05-05T02:31:28","guid":{"rendered":"https:\/\/sacramentoqr.com\/?p=7700"},"modified":"2022-05-07T02:33:07","modified_gmt":"2022-05-07T02:33:07","slug":"cuando-hay-necesidad-hasta-el-miedo-se-quita-mototaxistas-de-cozumel-interponen-denuncia-por-manta-con-amenazas","status":"publish","type":"post","link":"https:\/\/sacramentoqr.com\/?p=7700","title":{"rendered":"\u201cCUANDO HAY NECESIDAD HASTA EL MIEDO SE QUITA\u201d: Mototaxistas de Cozumel interponen denuncia por manta con amenazas"},"content":{"rendered":"<p><strong>OZUMEL, MX.-<\/strong>\u00a0Un grupo de mototaxistas acudieron hoy en grupo a las instalaciones de la Fiscal\u00eda General del Estado a interponer una denuncia penal por amenazas, luego que ayer fuera colgada una manta con amenazas en contra de este gremio, por parte de un supuesto c\u00e1rtel criminal.<\/p>\n<p>Jorge Barcel\u00f3, abogado de estos mototaxistas, y quien fue nombrado en esta manta, dijo que tanto ellos como la ciudadan\u00eda ya saben qui\u00e9nes colgaron esa manta, pero luego se dar\u00e1n cuenta de su error, ya que han contactado a un abogado constitucionalista para que le d\u00e9 seguimiento al caso.<\/p>\n<p>\u201cLa estrategia de estas personas no ir\u00e1 por buen camino, y no es justo hacia los ciudadanos, porque esta isla hasta ahora no tiene delincuencia organizado y tratar de involucrarnos no ser\u00e1 posible\u201d, coment\u00f3 el abogado penalista.<\/p>\n<p>Explic\u00f3 que este grupo \u201cgolpetea de esta manera\u201d, porque hace un mes salieron en contra de los mototaxis y la propia ciudadan\u00eda sali\u00f3 en defensa de ellos.<\/p>\n<p>Por su parte, Rosa Araujo, l\u00edder de los mototaxistas en Cozumel, afirm\u00f3 que a ra\u00edz de esta manta, ahora se cuidar\u00e1n mucho, porque \u201csomos pobres, pero nos sabemos defender\u201d.<\/p>\n<p>Descart\u00f3 que fueran a cesar sus actividades, pues \u201ccuando hay necesidad, hasta el miedo se quita\u201d dijo.<\/p>\n<p>Tambi\u00e9n critic\u00f3 al delegado del Instituto de Movilidad de Quintana Roo, por afirmar que est\u00e1 detenido por lso tiempos electorales.<\/p>\n<p>\u201cQu\u00e9 poca\u2026 alma del se\u00f1or, que no quiere desestabilizar el voto de alguien que le permitir\u00e1 seguir viviendo del pueblo\u201d, declar\u00f3. \u201cLos tiempos electorales son para que cada ciudadano elija a su gobierno y necesitamos un gobierno que trabaje por el pueblo y aleje este tipo de agresiones, como la de los taxistas\u201d.<\/p>\n<p>&nbsp;<\/p>\n","protected":false},"excerpt":{"rendered":"<p>OZUMEL, MX.-\u00a0Un grupo de mototaxistas acudieron hoy en grupo a las instalaciones de la Fiscal\u00eda&#8230;<\/p>\n","protected":false},"author":1,"featured_media":7702,"comment_status":"open","ping_status":"closed","sticky":false,"template":"","format":"standard","meta":{"footnotes":""},"categories":[6,8,10],"tags":[],"class_list":["post-7700","post","type-post","status-publish","format-standard","has-post-thumbnail","hentry","category-local","category-policia","category-quintana-roo"],"_links":{"self":[{"href":"https:\/\/sacramentoqr.com\/index.php?rest_route=\/wp\/v2\/posts\/7700","targetHints":{"allow":["GET"]}}],"collection":[{"href":"https:\/\/sacramentoqr.com\/index.php?rest_route=\/wp\/v2\/posts"}],"about":[{"href":"https:\/\/sacramentoqr.com\/index.php?rest_route=\/wp\/v2\/types\/post"}],"author":[{"embeddable":true,"href":"https:\/\/sacramentoqr.com\/index.php?rest_route=\/wp\/v2\/users\/1"}],"replies":[{"embeddable":true,"href":"https:\/\/sacramentoqr.com\/index.php?rest_route=%2Fwp%2Fv2%2Fcomments&post=7700"}],"version-history":[{"count":1,"href":"https:\/\/sacramentoqr.com\/index.php?rest_route=\/wp\/v2\/posts\/7700\/revisions"}],"predecessor-version":[{"id":7701,"href":"https:\/\/sacramentoqr.com\/index.php?rest_route=\/wp\/v2\/posts\/7700\/revisions\/7701"}],"wp:featuredmedia":[{"embeddable":true,"href":"https:\/\/sacramentoqr.com\/index.php?rest_route=\/wp\/v2\/media\/7702"}],"wp:attachment":[{"href":"https:\/\/sacramentoqr.com\/index.php?rest_route=%2Fwp%2Fv2%2Fmedia&parent=7700"}],"wp:term":[{"taxonomy":"category","embeddable":true,"href":"https:\/\/sacramentoqr.com\/index.php?rest_route=%2Fwp%2Fv2%2Fcategories&post=7700"},{"taxonomy":"post_tag","embeddable":true,"href":"https:\/\/sacramentoqr.com\/index.php?rest_route=%2Fwp%2Fv2%2Ftags&post=7700"}],"curies":[{"name":"wp","href":"https:\/\/api.w.org\/{rel}","templated":true}]}}