{"id":7905,"date":"2022-05-16T12:21:10","date_gmt":"2022-05-16T17:21:10","guid":{"rendered":"https:\/\/sacramentoqr.com\/?p=7905"},"modified":"2022-05-22T20:23:12","modified_gmt":"2022-05-22T20:23:12","slug":"respaldan-monreal-y-senadores-de-morena-a-mara-lezama","status":"publish","type":"post","link":"https:\/\/sacramentoqr.com\/?p=7905","title":{"rendered":"Respaldan Monreal y senadores de Morena a Mara Lezama"},"content":{"rendered":"<header class=\"main-article--header\">\n<h4 class=\"bajada\" style=\"text-align: center;\">El coordinador morenista asegur\u00f3 que la abanderada representa la unidad en torno al proyecto social de Morena y que cuenta con su apoyo y respaldo<\/h4>\n<\/header>\n<div class=\"main-article--autor\">\n<p>El coordinador de la bancada de Morena,\u00a0<strong>Ricardo Monreal\u00a0<\/strong>y 11 senadores m\u00e1s, viajaron a<strong>\u00a0<\/strong>Quintana Roo para respaldar a la candidata a la gubernatura,<strong>\u00a0Mara Lezama Espinosa.\u00a0<\/strong><\/p>\n<p>\u201cVenimos a decirle a Mara que el Senado est\u00e1 con ella, que<strong>\u00a0Quintana Roo\u00a0<\/strong>cuenta con el trabajo para lograr que la justicia social llegue a cada rinc\u00f3n del estado\u201d, asegur\u00f3.<\/p>\n<div class=\"content-banner\">\n<p>Monreal \u00c1vila asegur\u00f3 que la abanderada representa la unidad en torno al proyecto social de Morena y que cuenta con su apoyo y respaldo. Esto, despu\u00e9s de que los detractores del partido han vinculado m\u00e1s a la candidata con el Verde Ecologista, que con Regeneraci\u00f3n Nacional.<\/p>\n<p>Esta semana, la alianza \u00abVa por Quintana Roo\u00bb conformada por el<strong>\u00a0PAN-PRD y Confianza por Quintana Roo,<\/strong>\u00a0volvieron a invitar al ex l\u00edder del PVEM, Jorge Emilio Gonz\u00e1lez, a presentarse junto a Lezama Espinosa, quien este domingo realiz\u00f3 una caminata y un mitin en la regi\u00f3n 96 de Canc\u00fan.<\/p>\n<p>\u00abVamos tras un proyecto de naci\u00f3n, nos necesitamos unidos, sin permitir que nos dividan con la guerra sucia\u00bb, expres\u00f3 en respuesta la candidata de Morena y asegur\u00f3 que quiere terminar con los malos gobiernos y con la mafia de la corrupci\u00f3n.<\/p>\n<p>Lezama Espinosa no fue la \u00fanica que en recibir apoyo, el l\u00edder de la bancada de\u00a0<strong>Morena\u00a0<\/strong>en el senado fue recibido al grito de \u00abpresidente, presidente\u00bb al entrar al mitin de este domingo en\u00a0<strong>Canc\u00fan<\/strong>.<\/p>\n<p>En el evento tambi\u00e9n estuvieron las\u00a0<strong>senadoras y senadores<\/strong>\u00a0Rafael Ochoa Guzm\u00e1n, Eduardo Ram\u00edrez, Crist\u00f3bal Arias, Eli Cervantes, Salom\u00f3n Jara, Faustino L\u00f3pez, Nestora Salgado, Antonia C\u00e1rdenas, Gabriela L\u00f3pez, Rogelio M\u00e1rquez Valdivia y Marybel Villegas Canch\u00e9 (con licencia); los candidatos a diputados Mar\u00eda Fernanda Cruz y Ricardo Velazco, por los distritos 7 y 2, respectivamente, al igual que los dirigentes estatales de los partidos que integran la coalici\u00f3n \u201cJuntos Hacemos Historia\u201d.<\/p>\n<p>En este sentido, la senadora guerrerense\u00a0<strong>Nestora Salgado<\/strong>\u00a0afirm\u00f3: \u201cLa transformaci\u00f3n y esperanza de Quintana Roo van de la mano de una mujer honesta, comprometida y, sobre todo, capaz de defender al pueblo. Mara Lezama es el verdadero cambio\u201d.<\/p>\n<\/div>\n<\/div>\n","protected":false},"excerpt":{"rendered":"<p>El coordinador morenista asegur\u00f3 que la abanderada representa la unidad en torno al proyecto social&#8230;<\/p>\n","protected":false},"author":1,"featured_media":7907,"comment_status":"open","ping_status":"closed","sticky":false,"template":"","format":"standard","meta":{"footnotes":""},"categories":[6,9,10],"tags":[],"class_list":["post-7905","post","type-post","status-publish","format-standard","has-post-thumbnail","hentry","category-local","category-politica","category-quintana-roo"],"_links":{"self":[{"href":"https:\/\/sacramentoqr.com\/index.php?rest_route=\/wp\/v2\/posts\/7905","targetHints":{"allow":["GET"]}}],"collection":[{"href":"https:\/\/sacramentoqr.com\/index.php?rest_route=\/wp\/v2\/posts"}],"about":[{"href":"https:\/\/sacramentoqr.com\/index.php?rest_route=\/wp\/v2\/types\/post"}],"author":[{"embeddable":true,"href":"https:\/\/sacramentoqr.com\/index.php?rest_route=\/wp\/v2\/users\/1"}],"replies":[{"embeddable":true,"href":"https:\/\/sacramentoqr.com\/index.php?rest_route=%2Fwp%2Fv2%2Fcomments&post=7905"}],"version-history":[{"count":1,"href":"https:\/\/sacramentoqr.com\/index.php?rest_route=\/wp\/v2\/posts\/7905\/revisions"}],"predecessor-version":[{"id":7906,"href":"https:\/\/sacramentoqr.com\/index.php?rest_route=\/wp\/v2\/posts\/7905\/revisions\/7906"}],"wp:featuredmedia":[{"embeddable":true,"href":"https:\/\/sacramentoqr.com\/index.php?rest_route=\/wp\/v2\/media\/7907"}],"wp:attachment":[{"href":"https:\/\/sacramentoqr.com\/index.php?rest_route=%2Fwp%2Fv2%2Fmedia&parent=7905"}],"wp:term":[{"taxonomy":"category","embeddable":true,"href":"https:\/\/sacramentoqr.com\/index.php?rest_route=%2Fwp%2Fv2%2Fcategories&post=7905"},{"taxonomy":"post_tag","embeddable":true,"href":"https:\/\/sacramentoqr.com\/index.php?rest_route=%2Fwp%2Fv2%2Ftags&post=7905"}],"curies":[{"name":"wp","href":"https:\/\/api.w.org\/{rel}","templated":true}]}}