{"id":8147,"date":"2022-06-02T17:06:23","date_gmt":"2022-06-02T22:06:23","guid":{"rendered":"https:\/\/sacramentoqr.com\/?p=8147"},"modified":"2022-06-02T22:06:24","modified_gmt":"2022-06-02T22:06:24","slug":"candidatos-a-gubernatura-de-quintana-roo-cierran-campanas","status":"publish","type":"post","link":"https:\/\/sacramentoqr.com\/?p=8147","title":{"rendered":"Candidatos a gubernatura de Quintana Roo cierran campa\u00f1as"},"content":{"rendered":"<header class=\"nd-title-headline-base\">\n<h3 class=\"nd-title-headline-base__abstract\" style=\"text-align: center;\">Los cinco aspirantes realizaron eventos en varias ciudades del estado previo a las elecciones del 5 de junio.<\/h3>\n<p>El 1 de junio los cinco candidatos a la gubernatura del estado de\u00a0<b>Quintana Roo<\/b>\u00a0realizaron su cierre de campa\u00f1as electorales tal y como mandata el Instituto Electoral del Estado (IEE), para que el pr\u00f3ximo 5 de junio se lleven a cabo las elecciones.<\/p>\n<p>Los cinco aspirantes a ser la nueva gobernadora o gobernador del estado convocaron a sus partidarios y ciudadan\u00eda a sus eventos masivos en algunas ciudades importantes del estado quintanarroense.<\/p>\n<p>Despu\u00e9s de dos meses de realizar m\u00edtines y promover sus campa\u00f1as, Jos\u00e9 Luis Pech V\u00e1rguez (MC), Leslie Hendricks Rubio (PRI), Mara Lezama (Morena, Partido Verde), Laura Fern\u00e1ndez Pi\u00f1a (PAN, PRD) y Nivardo Mena Villanueva (Movimiento Aut\u00e9ntico Social).<\/p>\n<h2>Dr. Pech da mitin en la capital de Quintana Roo<\/h2>\n<p>En la ciudad de Chetumal el candidato de\u00a0<b>Movimiento Ciudadano<\/b>\u00a0Jos\u00e9 Luis Pech realiz\u00f3 el cierre de su campa\u00f1a en el Domo del Parque de las Casitas, en la capital del estado de Quintana Roo.<\/p>\n<p>A trav\u00e9s de su cuenta de Twitter, el Dr. Pech agradeci\u00f3 a las personas que lo acompa\u00f1aron y dio un repaso de sus propuestas de gobierno en caso de llegar al poder ejecutivo del estado.<\/p>\n<h2>Leslie Hendricks cierra campa\u00f1a en dos ciudades<\/h2>\n<p>La candidata del\u00a0<b>PRI<\/b>\u00a0se reuni\u00f3 con militantes de su partido para concluir esta etapa electoral en dos eventos en la ciudad de Canc\u00fan y en Cozumel, donde la noche del mi\u00e9rcoles dio un discurso en el que pidi\u00f3 a la ciudadan\u00eda acudir a las urnas el pr\u00f3ximo 5 de junio, y prometi\u00f3 \u201crecuperar el estado\u201d.<\/p>\n<p>Mara Lezama da mitin en Cozumel<\/p>\n<p>La candidata de la\u00a0<b>coalici\u00f3n &#8216;Juntos Haremos Historia&#8217;\u00a0<\/b>de los partidos Morena y del Trabajo, Verde Ecologista de M\u00e9xico y Fuerza por M\u00e9xico; cerr\u00f3 su campa\u00f1a acompa\u00f1ada del dirigente de Morena en un mitin en la ciudad de Cozumel, en el que pidi\u00f3 a la ciudadan\u00eda acudir a votar por su movimiento.<\/p>\n<h2>Laura Fern\u00e1ndez Pi\u00f1a cierra campa\u00f1a en Canc\u00fan<\/h2>\n<p>La candidata de la<b>\u00a0coalici\u00f3n &#8216;Va por Quintana Roo&#8217;<\/b>\u00a0de los partidos Acci\u00f3n Nacional y Revoluci\u00f3n Democr\u00e1tica realiz\u00f3 un evento con simpatizantes de su candidatura en el ciudad de Canc\u00fan, donde agradeci\u00f3 el apoyo de la gente y destac\u00f3 que ganar\u00e1 la gubernatura el pr\u00f3ximo 5 de junio.<\/p>\n<h2>Nivardo Mena destaca sus cinco ejes para gobernar Quintana Roo<\/h2>\n<p>El candidato del partido\u00a0<b>Movimiento Aut\u00e9ntico Social<\/b>\u00a0cerr\u00f3 su campa\u00f1a electoral en Chunhuhub, comisar\u00eda perteneciente al municipio de Felipe Carrillo Puerto, donde simpatizantes lo acompa\u00f1aron y mostraron su apoyo al candidato.<\/p>\n<\/header>\n<div class=\"nd-media-detail-base\">\n<div id=\"tns1-ow\" class=\"tns-outer\"><\/div>\n<\/div>\n","protected":false},"excerpt":{"rendered":"<p>Los cinco aspirantes realizaron eventos en varias ciudades del estado previo a las elecciones del&#8230;<\/p>\n","protected":false},"author":1,"featured_media":8149,"comment_status":"open","ping_status":"closed","sticky":false,"template":"","format":"standard","meta":{"footnotes":""},"categories":[6,7,9],"tags":[],"class_list":["post-8147","post","type-post","status-publish","format-standard","has-post-thumbnail","hentry","category-local","category-nacional","category-politica"],"_links":{"self":[{"href":"https:\/\/sacramentoqr.com\/index.php?rest_route=\/wp\/v2\/posts\/8147","targetHints":{"allow":["GET"]}}],"collection":[{"href":"https:\/\/sacramentoqr.com\/index.php?rest_route=\/wp\/v2\/posts"}],"about":[{"href":"https:\/\/sacramentoqr.com\/index.php?rest_route=\/wp\/v2\/types\/post"}],"author":[{"embeddable":true,"href":"https:\/\/sacramentoqr.com\/index.php?rest_route=\/wp\/v2\/users\/1"}],"replies":[{"embeddable":true,"href":"https:\/\/sacramentoqr.com\/index.php?rest_route=%2Fwp%2Fv2%2Fcomments&post=8147"}],"version-history":[{"count":1,"href":"https:\/\/sacramentoqr.com\/index.php?rest_route=\/wp\/v2\/posts\/8147\/revisions"}],"predecessor-version":[{"id":8148,"href":"https:\/\/sacramentoqr.com\/index.php?rest_route=\/wp\/v2\/posts\/8147\/revisions\/8148"}],"wp:featuredmedia":[{"embeddable":true,"href":"https:\/\/sacramentoqr.com\/index.php?rest_route=\/wp\/v2\/media\/8149"}],"wp:attachment":[{"href":"https:\/\/sacramentoqr.com\/index.php?rest_route=%2Fwp%2Fv2%2Fmedia&parent=8147"}],"wp:term":[{"taxonomy":"category","embeddable":true,"href":"https:\/\/sacramentoqr.com\/index.php?rest_route=%2Fwp%2Fv2%2Fcategories&post=8147"},{"taxonomy":"post_tag","embeddable":true,"href":"https:\/\/sacramentoqr.com\/index.php?rest_route=%2Fwp%2Fv2%2Ftags&post=8147"}],"curies":[{"name":"wp","href":"https:\/\/api.w.org\/{rel}","templated":true}]}}