{"id":8162,"date":"2022-06-03T17:46:21","date_gmt":"2022-06-03T22:46:21","guid":{"rendered":"https:\/\/sacramentoqr.com\/?p=8162"},"modified":"2022-06-03T22:46:29","modified_gmt":"2022-06-03T22:46:29","slug":"turquia-cambia-su-nombre-internacional-de-turkey-a-turkiye","status":"publish","type":"post","link":"https:\/\/sacramentoqr.com\/?p=8162","title":{"rendered":"Turqu\u00eda cambia su nombre internacional de \u00abTurkey\u00bb a \u00abT\u00fcrkiye\u00bb"},"content":{"rendered":"<p><strong>Turqu\u00eda<\/strong>\u00a0cambia la denominaci\u00f3n de su\u00a0<strong>registro oficial<\/strong>\u00a0en la\u00a0<strong>ONU<\/strong>. El organismo ha aceptado que el pa\u00eds cambie su denominaci\u00f3n inglesa\u00a0<strong>\u00abTurkey\u00bb<\/strong>\u00a0por la denominaci\u00f3n correspondiente en lengua nacional\u00a0<strong>\u00abT\u00fcrkiye\u00bb<\/strong>. Los medios turcos se\u00f1alan que uno de los principales motivos es que en ingl\u00e9s\u00a0<strong>\u00abTurkey\u00bb<\/strong>\u00a0significa pavo.<\/p>\n<p>El Gobierno considera que el nuevo nombre \u00abrepresenta y expresa la cultura, civilizaci\u00f3n y valores de la naci\u00f3n\u00bb.<\/p>\n<p>El registro oficial de la nueva denominaci\u00f3n ha sido confirmada a la agencia oficialista Anadolu por el portavoz de la ONU, Stephane Dujarric.<\/p>\n<p>\u00abEl cambio de nombre del pa\u00eds fue efectivo en el momento de recibir la carta\u00bb, se\u00f1al\u00f3 el portavoz en referencia a la misiva mandada al respecto por el ministro turco de Exteriores, Mevl\u00fct \u00c7avusoglu, al secretario general de la ONU, Ant\u00f3nio Guterres.<\/p>\n<p data-min-tv-running=\"true\">El presidente turco, Recep Tayyip Erdogan, ha ordenado por decreto que todos los productos fabricados en el pa\u00eds sean etiquetados como\u00a0<strong>\u00abmade in T\u00fcrkiye\u00bb,<\/strong>\u00a0algo que ya ven\u00edan haciendo muchas empresas desde hace 20 a\u00f1os.<\/p>\n<section class=\"c-article__container jsBottomArticle u-overflow-visible u-margin-top-medium-down-2 u-margin-top-large-only-3 u-margin-top-xlarge-4\" data-nid=\"1954522\" data-cid=\"6751982\" data-related=\"2\">\n<div class=\"js-responsive-iframes-container\">\n<div id=\"poool-content\" class=\"c-article-content js-article-content poool-content\">\n<p>El Gobierno lleva tiempo usando\u00a0<strong>\u00abT\u00fcrkiye\u00bb<\/strong>\u00a0en sus comunicaciones formales y p\u00e1ginas web en idiomas extranjeros.<\/p>\n<\/div>\n<div id=\"poool-widget\" class=\"poool-widget\"><\/div>\n<\/div>\n<\/section>\n<footer>\n<section class=\"c-article-footer__section u-margin-top-4 u-padding-top-5\">\n<div class=\"c-article-widget__related\"><\/div>\n<\/section>\n<\/footer>\n","protected":false},"excerpt":{"rendered":"<p>Turqu\u00eda\u00a0cambia la denominaci\u00f3n de su\u00a0registro oficial\u00a0en la\u00a0ONU. El organismo ha aceptado que el pa\u00eds cambie&#8230;<\/p>\n","protected":false},"author":1,"featured_media":8164,"comment_status":"open","ping_status":"closed","sticky":false,"template":"","format":"standard","meta":{"footnotes":""},"categories":[2,4,5,9],"tags":[],"class_list":["post-8162","post","type-post","status-publish","format-standard","has-post-thumbnail","hentry","category-cultural","category-espectaculos","category-internacional","category-politica"],"_links":{"self":[{"href":"https:\/\/sacramentoqr.com\/index.php?rest_route=\/wp\/v2\/posts\/8162","targetHints":{"allow":["GET"]}}],"collection":[{"href":"https:\/\/sacramentoqr.com\/index.php?rest_route=\/wp\/v2\/posts"}],"about":[{"href":"https:\/\/sacramentoqr.com\/index.php?rest_route=\/wp\/v2\/types\/post"}],"author":[{"embeddable":true,"href":"https:\/\/sacramentoqr.com\/index.php?rest_route=\/wp\/v2\/users\/1"}],"replies":[{"embeddable":true,"href":"https:\/\/sacramentoqr.com\/index.php?rest_route=%2Fwp%2Fv2%2Fcomments&post=8162"}],"version-history":[{"count":1,"href":"https:\/\/sacramentoqr.com\/index.php?rest_route=\/wp\/v2\/posts\/8162\/revisions"}],"predecessor-version":[{"id":8163,"href":"https:\/\/sacramentoqr.com\/index.php?rest_route=\/wp\/v2\/posts\/8162\/revisions\/8163"}],"wp:featuredmedia":[{"embeddable":true,"href":"https:\/\/sacramentoqr.com\/index.php?rest_route=\/wp\/v2\/media\/8164"}],"wp:attachment":[{"href":"https:\/\/sacramentoqr.com\/index.php?rest_route=%2Fwp%2Fv2%2Fmedia&parent=8162"}],"wp:term":[{"taxonomy":"category","embeddable":true,"href":"https:\/\/sacramentoqr.com\/index.php?rest_route=%2Fwp%2Fv2%2Fcategories&post=8162"},{"taxonomy":"post_tag","embeddable":true,"href":"https:\/\/sacramentoqr.com\/index.php?rest_route=%2Fwp%2Fv2%2Ftags&post=8162"}],"curies":[{"name":"wp","href":"https:\/\/api.w.org\/{rel}","templated":true}]}}