{"id":8189,"date":"2022-05-31T13:00:35","date_gmt":"2022-05-31T18:00:35","guid":{"rendered":"https:\/\/sacramentoqr.com\/?p=8189"},"modified":"2022-06-04T18:23:01","modified_gmt":"2022-06-04T18:23:01","slug":"mara-lezama-sera-la-primera-gobernadora-de-quintana-roo-delgado-en-cierre-de-campana","status":"publish","type":"post","link":"https:\/\/sacramentoqr.com\/?p=8189","title":{"rendered":"Mara Lezama ser\u00e1 la primera gobernadora de Quintana Roo: Delgado en cierre de campa\u00f1a"},"content":{"rendered":"<h4 class=\"nd-title-headline-title-headline-base__abstract\" style=\"text-align: center;\">El dirigente nacional de Morena dijo que Lezama tiene una vocaci\u00f3n de servicio reconocida por los habitantes del estado.<\/h4>\n<div id=\"share-icons-container\" class=\"nd-title-headline-title-headline-base__shares\">\n<div id=\"share-icons\">El presidente nacional de Morena, Mario Delgado, acudi\u00f3 al cierre de campa\u00f1a de Mara Lezama y asegur\u00f3 que la candidata de su partido ser\u00e1 la primera gobernadora de Quintana Roo tras las elecciones del 5 de junio. En su participaci\u00f3n, el dirigente nacional dijo que Lezama tiene una vocaci\u00f3n de servicio reconocida por los habitantes del estado, por lo que es un honor para Morena tenerla en sus filas. \u201cMara tiene una vida dedicada al servicio de los dem\u00e1s. Por eso es tan querida y reconocida (\u2026) Es un honor para Morena tener a Mara como candidata a la gubernatura, por mujeres como ella, que trabajan a diario por regenerar la vida p\u00fablica de nuestro pa\u00eds, es que nuestro Movimiento es cada vez m\u00e1s fuerte\u201d, declar\u00f3 el l\u00edder morenista.<\/div>\n<\/div>\n<div><\/div>\n<div>De igual manera repiti\u00f3 lo mismo que ha dicho en diferentes estados que tendr\u00e1n elecciones el pr\u00f3ximo domingo sobre que ya quiere ver trabajando a los nuevos gobernadores morenistas de la mano con el presidente Andr\u00e9s Manuel L\u00f3pez Obrador. \u201cSabemos que est\u00e1 por llegar la Transformaci\u00f3n a Quintana Roo y no s\u00e9 ustedes, pero yo ya tengo muchas ganas de ver el equipo que van a hacer, Mara como gobernadora y nuestro presidente, Andr\u00e9s Manuel L\u00f3pez Obrador. Imag\u00ednense lo que puede lograr Mara al encabezar un gobierno honesto como el que hoy tenemos a nivel federal\u201d, se\u00f1al\u00f3 Delgado.<\/div>\n<div><\/div>\n<div><\/div>\n","protected":false},"excerpt":{"rendered":"<p>El dirigente nacional de Morena dijo que Lezama tiene una vocaci\u00f3n de servicio reconocida por&#8230;<\/p>\n","protected":false},"author":1,"featured_media":8191,"comment_status":"open","ping_status":"closed","sticky":false,"template":"","format":"standard","meta":{"footnotes":""},"categories":[6,9,10],"tags":[],"class_list":["post-8189","post","type-post","status-publish","format-standard","has-post-thumbnail","hentry","category-local","category-politica","category-quintana-roo"],"_links":{"self":[{"href":"https:\/\/sacramentoqr.com\/index.php?rest_route=\/wp\/v2\/posts\/8189","targetHints":{"allow":["GET"]}}],"collection":[{"href":"https:\/\/sacramentoqr.com\/index.php?rest_route=\/wp\/v2\/posts"}],"about":[{"href":"https:\/\/sacramentoqr.com\/index.php?rest_route=\/wp\/v2\/types\/post"}],"author":[{"embeddable":true,"href":"https:\/\/sacramentoqr.com\/index.php?rest_route=\/wp\/v2\/users\/1"}],"replies":[{"embeddable":true,"href":"https:\/\/sacramentoqr.com\/index.php?rest_route=%2Fwp%2Fv2%2Fcomments&post=8189"}],"version-history":[{"count":1,"href":"https:\/\/sacramentoqr.com\/index.php?rest_route=\/wp\/v2\/posts\/8189\/revisions"}],"predecessor-version":[{"id":8190,"href":"https:\/\/sacramentoqr.com\/index.php?rest_route=\/wp\/v2\/posts\/8189\/revisions\/8190"}],"wp:featuredmedia":[{"embeddable":true,"href":"https:\/\/sacramentoqr.com\/index.php?rest_route=\/wp\/v2\/media\/8191"}],"wp:attachment":[{"href":"https:\/\/sacramentoqr.com\/index.php?rest_route=%2Fwp%2Fv2%2Fmedia&parent=8189"}],"wp:term":[{"taxonomy":"category","embeddable":true,"href":"https:\/\/sacramentoqr.com\/index.php?rest_route=%2Fwp%2Fv2%2Fcategories&post=8189"},{"taxonomy":"post_tag","embeddable":true,"href":"https:\/\/sacramentoqr.com\/index.php?rest_route=%2Fwp%2Fv2%2Ftags&post=8189"}],"curies":[{"name":"wp","href":"https:\/\/api.w.org\/{rel}","templated":true}]}}