{"id":8605,"date":"2022-06-27T18:21:28","date_gmt":"2022-06-27T23:21:28","guid":{"rendered":"https:\/\/sacramentoqr.com\/?p=8605"},"modified":"2022-06-28T23:22:46","modified_gmt":"2022-06-28T23:22:46","slug":"vacunacion-covid-5-a-11-anos-fechas-sedes-y-municipios-de-quintana-roo","status":"publish","type":"post","link":"https:\/\/sacramentoqr.com\/?p=8605","title":{"rendered":"Vacunaci\u00f3n COVID 5 a 11 a\u00f1os: Fechas, sedes y municipios de Quintana Roo"},"content":{"rendered":"<div class=\"row\">\n<div class=\"col-md-10 col-12\">\n<div class=\"art__hdl\">\n<h4 class=\"art__hdl__opn\" style=\"text-align: center;\">En cuatro municipios de Quintana Roo ya fueron anunciados los calendarios y sedes de vacunaci\u00f3n contra la Covid-19 para menores de 5 a 11 a\u00f1os; conoce todos los detalles.<\/h4>\n<\/div>\n<\/div>\n<\/div>\n<div class=\"row\">\n<div class=\"col-12\">\n<div class=\"art__me\">\n<div class=\"art__by \">\n<div class=\"art__au\">\n<p class=\"\"><b>La<\/b><b>\u00a0jornada de vacunaci\u00f3n contra la Covid-19<\/b><b>\u00a0en todo M\u00e9xico contin\u00faa, cada una de las entidades ha anunciado sus convocatorias con fechas y sedes para que los\u00a0<\/b><b>menores de 5 a 11 a\u00f1os de edad<\/b><b>\u00a0acudan por su primera dosis<\/b>, en el caso de Quintana Roo se han anunciado todos los detalles sobre la aplicaci\u00f3n de biol\u00f3gico, a continuaci\u00f3n te contamos todos los detalles.<\/p>\n<p class=\"\"><b>En el Estado de Quintana Roo las autoridades de salud anunciaron fechas para cuatro municipios: Isla Mujeres, Puerto Morelos, L\u00e1zaro C\u00e1rdenas y Cozumel.<\/b>\u00a0En todos los casos se suministrar\u00e1 el biol\u00f3gico Pfizer exclusivamente a los menores de 5 a 11 a\u00f1os de edad, toda vez, que es la vacuna aprobada por las altas instituciones mundiales de salud.<\/p>\n<h3 class=\"\"><b>Calendario de vacunaci\u00f3n por municipio<\/b><\/h3>\n<h3 class=\"\"><b>Isla Mujeres<\/b><\/h3>\n<figure class=\"ext ext-in\">\n<ul>\n<li><b>Lunes 27 de junio<\/b>: se convoca a menores de 5 a\u00f1os de edad<\/li>\n<li><b>Martes 28 de junio:<\/b>\u00a0se convoca a menores de 6 a 7 a\u00f1os<\/li>\n<li><b>Mi\u00e9rcoles 29 de junio:\u00a0<\/b>se convoca a menores de 8 a\u00f1os<\/li>\n<li><b>Jueves 30 de junio:\u00a0<\/b>se convoca a menores de 9 a 10 a\u00f1os<\/li>\n<li><b>Viernes 1 de julio:<\/b>\u00a0se convoca a menores de 11 a\u00f1os<\/li>\n<\/ul>\n<\/figure>\n<p class=\"\">La sede de vacunaci\u00f3n para los menores de 5 a 11 a\u00f1os de edad que radiquen en el municipio de Isla Mujeres deber\u00e1n acudir a el Domo Bicentenario para solicitar su primera dosis contra la Covid-19.<\/p>\n<h3 class=\"\">Puerto Morelos<\/h3>\n<p class=\"\">En el municipio de Puerto Morelos la jornada de vacunaci\u00f3n no cuenta con un calendario, y los d\u00edas que las autoridades de salud aplicar\u00e1n la primera dosis contra la Covid-19 a menores de 5 a 11 a\u00f1os de edad son: lunes 27, martes 28 y mi\u00e9rcoles 29 de junio, en un horario de 8:00 de la ma\u00f1ana y hasta las 16:00 horas.<\/p>\n<p class=\"\">de vacunaci\u00f3n ubicada en el Domo Joaqu\u00edn Zetina Gasca, con todos los requisitos, adem\u00e1s se recomienda que los menores ingieran alimentos ligeros antes de acudir a vacunarse.<\/p>\n<h3 class=\"\">L\u00e1zaro C\u00e1rdenas<\/h3>\n<figure class=\"ext ext-in\">\n<ul>\n<li><b>Lunes 27 de junio:<\/b>\u00a0se convoca a menores de 5 a 6 a\u00f1os<\/li>\n<li><b>Martes 28 de junio:<\/b>\u00a0se convoca a menores de 7 y 8 a\u00f1os<\/li>\n<li>M<b>i\u00e9rcoles 29 de junio:<\/b>\u00a0se convoca a menores de 9 a 10 a\u00f1os<\/li>\n<li><b>Jueves 30 de junio:\u00a0<\/b>se convoca a menores de 11 a\u00f1os<\/li>\n<\/ul>\n<\/figure>\n<p class=\"\"><b>Los menores de este grupo de edad deber\u00e1n acudir a la sede de vacunaci\u00f3n ubicada en Domo Doble de la Unidad Deportiva<\/b>\u00a0en un horario de 8:00 de la ma\u00f1ana a 17:00 horas y con los requisitos completos que solicitan las autoridades de Salud de Quintana Roo.<\/p>\n<h3 class=\"\"><b>Cozumel<\/b><\/h3>\n<p class=\"\"><b>En el municipio caribe\u00f1o de Cozumel se habilitar\u00e1n dos sedes de vacunaci\u00f3n contra la Covid-19, el primero estar\u00e1 ubicado en el Domo Bicentenario y brindar\u00e1 servicio de las 8:00 de la ma\u00f1ana a las 17:30 horas,<\/b>\u00a0mientras que el segundo ser\u00e1 la cl\u00ednica ISSSTE que comenzar\u00e1 a aplicar dosis a las 9:00 de la ma\u00f1ana y finalizar\u00e1 a las 17:00 horas.<\/p>\n<figure class=\"ext ext-in\">\n<ul>\n<li><b>Lunes 4 de julio:<\/b>\u00a0se convoca a menores de 5 a\u00f1os<\/li>\n<li><b>Martes 5 de julio:<\/b>\u00a0se convoca a menores de 6 a\u00f1os<\/li>\n<li><b>Mi\u00e9rcoles 6 de julio:\u00a0<\/b>se convoca a menores de 7 y 8 a\u00f1os<\/li>\n<li><b>Jueves 7 de julio:<\/b>\u00a0se convoca a menores de 9 y 10 a\u00f1os<\/li>\n<li><b>Viernes 8 de julio:<\/b>\u00a0se convoca a menores de 11 a\u00f1os<br \/>\n<h3 class=\"\"><b>\u00bfCu\u00e1les son los requisitos de vacunaci\u00f3n para 5 a 11 a\u00f1os?<\/b><\/h3>\n<figure class=\"ext ext-in\">\n<ul>\n<li>Expedient\u00e9 de vacunaci\u00f3n impreso y con c\u00f3digo QR que puede descargarse desde la p\u00e1gina MI VACUNA<\/li>\n<li>Cartilla de vacunaci\u00f3n del menor de edad<\/li>\n<li><b>CURP actualizada<\/b><\/li>\n<li>Acudir acompa\u00f1ados de un adulto mayor de 18 a\u00f1os<\/li>\n<\/ul>\n<\/figure>\n<\/li>\n<\/ul>\n<\/figure>\n<\/div>\n<\/div>\n<\/div>\n<\/div>\n<\/div>\n","protected":false},"excerpt":{"rendered":"<p>En cuatro municipios de Quintana Roo ya fueron anunciados los calendarios y sedes de vacunaci\u00f3n&#8230;<\/p>\n","protected":false},"author":1,"featured_media":8607,"comment_status":"open","ping_status":"closed","sticky":false,"template":"","format":"standard","meta":{"footnotes":""},"categories":[6,10],"tags":[],"class_list":["post-8605","post","type-post","status-publish","format-standard","has-post-thumbnail","hentry","category-local","category-quintana-roo"],"_links":{"self":[{"href":"https:\/\/sacramentoqr.com\/index.php?rest_route=\/wp\/v2\/posts\/8605","targetHints":{"allow":["GET"]}}],"collection":[{"href":"https:\/\/sacramentoqr.com\/index.php?rest_route=\/wp\/v2\/posts"}],"about":[{"href":"https:\/\/sacramentoqr.com\/index.php?rest_route=\/wp\/v2\/types\/post"}],"author":[{"embeddable":true,"href":"https:\/\/sacramentoqr.com\/index.php?rest_route=\/wp\/v2\/users\/1"}],"replies":[{"embeddable":true,"href":"https:\/\/sacramentoqr.com\/index.php?rest_route=%2Fwp%2Fv2%2Fcomments&post=8605"}],"version-history":[{"count":1,"href":"https:\/\/sacramentoqr.com\/index.php?rest_route=\/wp\/v2\/posts\/8605\/revisions"}],"predecessor-version":[{"id":8606,"href":"https:\/\/sacramentoqr.com\/index.php?rest_route=\/wp\/v2\/posts\/8605\/revisions\/8606"}],"wp:featuredmedia":[{"embeddable":true,"href":"https:\/\/sacramentoqr.com\/index.php?rest_route=\/wp\/v2\/media\/8607"}],"wp:attachment":[{"href":"https:\/\/sacramentoqr.com\/index.php?rest_route=%2Fwp%2Fv2%2Fmedia&parent=8605"}],"wp:term":[{"taxonomy":"category","embeddable":true,"href":"https:\/\/sacramentoqr.com\/index.php?rest_route=%2Fwp%2Fv2%2Fcategories&post=8605"},{"taxonomy":"post_tag","embeddable":true,"href":"https:\/\/sacramentoqr.com\/index.php?rest_route=%2Fwp%2Fv2%2Ftags&post=8605"}],"curies":[{"name":"wp","href":"https:\/\/api.w.org\/{rel}","templated":true}]}}