{"id":8623,"date":"2022-06-28T18:41:36","date_gmt":"2022-06-28T23:41:36","guid":{"rendered":"https:\/\/sacramentoqr.com\/?p=8623"},"modified":"2022-06-28T23:41:37","modified_gmt":"2022-06-28T23:41:37","slug":"la-fpmc-invita-a-la-inauguracion-de-la-exposicion-sonando-expresiones-escritas-de-poemas-visuales-de-ver-uga","status":"publish","type":"post","link":"https:\/\/sacramentoqr.com\/?p=8623","title":{"rendered":"La FPMC invita a la inauguraci\u00f3n de la exposici\u00f3n \u201cSo\u00f1ando, Expresiones Escritas de Poemas Visuales\u201d, de \u201cVer Uga\u201d"},"content":{"rendered":"<h4 style=\"text-align: center;\">Es su segunda exposici\u00f3n individual que presenta la artista en coordinaci\u00f3n con la FPMC<\/h4>\n<div class=\"sharedaddy sd-sharing-enabled\">\n<p data-uw-styling-context=\"true\">El pr\u00f3ximo jueves 30 de junio, a las 20:00 horas, la Fundaci\u00f3n de Parques y Museos de Cozumel (FPMC) inaugurar\u00e1 en el Museo de la Isla la exposici\u00f3n pict\u00f3rica \u201cSo\u00f1ando, Expresiones Escritas de Poemas Visuales\u201d, de la artista Ver\u00f3nica Ugalde Romay, quien es conocida en \u00e1mbito art\u00edstico como \u201cVer Uga\u201d.<\/p>\n<p data-uw-styling-context=\"true\">La artista visual es licenciada en Dise\u00f1o de la Comunicaci\u00f3n Gr\u00e1fica, egresada de la Universidad Aut\u00f3noma Metropolitana (UAM), enfocada en t\u00e9cnica de ilustraci\u00f3n, lo que la ha llevado a trabajar en diversas casas editoriales y cinematogr\u00e1ficas. Igualmente, ha incursionado en la escultura y la docencia en instituciones educativas de diferentes entidades, entre las que se encuentran: Baja California, Colima, Ciudad de M\u00e9xico, Oaxaca y Quintana Roo.<\/p>\n<p data-uw-styling-context=\"true\">Isela Carrillo Cupul, directora del Museo de la Isla, indic\u00f3 que Ver Uga vive en la Riviera Maya desde hace nueve a\u00f1os, donde se ha convertido en una activa promotora cultural y art\u00edstica, colaborando con diversas organizaciones y colectivos a nivel nacional e internacional.<\/p>\n<p data-uw-styling-context=\"true\">Resalt\u00f3 que \u201cSo\u00f1ando, Expresiones Escritas de Poemas Visuales\u201d, ser\u00e1 su segunda exposici\u00f3n individual que presenta la artista en coordinaci\u00f3n con la FPMC; esta vez la colecci\u00f3n est\u00e1 compuesta por 22 obras, elaboradas con las t\u00e9cnicas de tinta sobre papel fabriano y acr\u00edlico sobre lienzo, que la artista cataloga \u201ccomo notas en su diario de los sue\u00f1os, que son como poemas visuales\u201d.<\/p>\n<p data-uw-styling-context=\"true\">La directora del Museo invit\u00f3 al p\u00fablico en general a acompa\u00f1ar a la artista a la inauguraci\u00f3n de la exposici\u00f3n que estar\u00e1 abierta gratuitamente para la poblaci\u00f3n cozumele\u00f1a y turistas que visitan el recinto museogr\u00e1fico.<\/p>\n<\/div>\n","protected":false},"excerpt":{"rendered":"<p>Es su segunda exposici\u00f3n individual que presenta la artista en coordinaci\u00f3n con la FPMC El&#8230;<\/p>\n","protected":false},"author":1,"featured_media":8625,"comment_status":"open","ping_status":"closed","sticky":false,"template":"","format":"standard","meta":{"footnotes":""},"categories":[6,10],"tags":[],"class_list":["post-8623","post","type-post","status-publish","format-standard","has-post-thumbnail","hentry","category-local","category-quintana-roo"],"_links":{"self":[{"href":"https:\/\/sacramentoqr.com\/index.php?rest_route=\/wp\/v2\/posts\/8623","targetHints":{"allow":["GET"]}}],"collection":[{"href":"https:\/\/sacramentoqr.com\/index.php?rest_route=\/wp\/v2\/posts"}],"about":[{"href":"https:\/\/sacramentoqr.com\/index.php?rest_route=\/wp\/v2\/types\/post"}],"author":[{"embeddable":true,"href":"https:\/\/sacramentoqr.com\/index.php?rest_route=\/wp\/v2\/users\/1"}],"replies":[{"embeddable":true,"href":"https:\/\/sacramentoqr.com\/index.php?rest_route=%2Fwp%2Fv2%2Fcomments&post=8623"}],"version-history":[{"count":1,"href":"https:\/\/sacramentoqr.com\/index.php?rest_route=\/wp\/v2\/posts\/8623\/revisions"}],"predecessor-version":[{"id":8624,"href":"https:\/\/sacramentoqr.com\/index.php?rest_route=\/wp\/v2\/posts\/8623\/revisions\/8624"}],"wp:featuredmedia":[{"embeddable":true,"href":"https:\/\/sacramentoqr.com\/index.php?rest_route=\/wp\/v2\/media\/8625"}],"wp:attachment":[{"href":"https:\/\/sacramentoqr.com\/index.php?rest_route=%2Fwp%2Fv2%2Fmedia&parent=8623"}],"wp:term":[{"taxonomy":"category","embeddable":true,"href":"https:\/\/sacramentoqr.com\/index.php?rest_route=%2Fwp%2Fv2%2Fcategories&post=8623"},{"taxonomy":"post_tag","embeddable":true,"href":"https:\/\/sacramentoqr.com\/index.php?rest_route=%2Fwp%2Fv2%2Ftags&post=8623"}],"curies":[{"name":"wp","href":"https:\/\/api.w.org\/{rel}","templated":true}]}}