{"id":8841,"date":"2022-07-11T16:14:32","date_gmt":"2022-07-11T21:14:32","guid":{"rendered":"https:\/\/sacramentoqr.com\/?p=8841"},"modified":"2022-07-12T21:28:42","modified_gmt":"2022-07-12T21:28:42","slug":"llaman-a-cuidar-el-agua-en-tamaulipas-ante-escasez-y-sequia","status":"publish","type":"post","link":"https:\/\/sacramentoqr.com\/?p=8841","title":{"rendered":"Llaman a cuidar el agua en Tamaulipas ante escasez y sequ\u00eda"},"content":{"rendered":"<p><strong>En\u00a0Tamaulipas<\/strong>, llaman a cuidar\u00a0<strong>el\u00a0agua<\/strong>\u00a0ante la escasez y sequ\u00eda que se vive en la entidad y en gran parte de la zona norte del pa\u00eds.<\/p>\n<h2 id=\"h-quien-hizo-el-llamado-para-cuidar-agua-en-tamaulipas\">\u00bfQui\u00e9n hizo el llamado para cuidar agua en Tamaulipas?<\/h2>\n<p>En Tamaulipas, la\u00a0<strong>Comisi\u00f3n Estatal del Agua<\/strong>\u00a0emprendi\u00f3 una campa\u00f1a por el cuidado del agua, luego que esta entidad se ubica en el lugar\u00a0<strong>n\u00famero 7 en el monitor nacional de sequ\u00eda<\/strong>,\u00a0<strong>con 34 de los 43 municipios con falta de agua.<\/strong><\/p>\n<blockquote class=\"wp-block-quote\"><p>\u201cHagamos un uso mesurado del agua, aquello que se despilfarre se la estamos quitando a alguien m\u00e1s, para lo cual les pedimos trabajar fuertemente en esta cultura. Evitar las fugas, a veces en las casas o en la misma ciudad, de tal manera que podamos seguir cuidando esta agua\u201d.<\/p>\n<p><cite>Salvador Trevi\u00f1o Garza, director general de la Comisi\u00f3n Estatal Del Agua En Tamaulipas<\/cite><\/p><\/blockquote>\n<p>El funcionario reconoci\u00f3 que hay\u00a0<strong>municipios como\u00a0Ciudad Madero, Ciudad Victoria y Aldama<\/strong>\u00a0en donde se abastecen los hogares de la ciudadan\u00eda a trav\u00e9s de pipas.<\/p>\n<blockquote class=\"wp-block-quote\"><p>\u201cAldama ha estado batallando, en algunas comunidades rurales no se tiene o en algunas colonias que est\u00e1n en las partes altas o inclusive irregulares, las tienen que llevar a trav\u00e9s de pipas\u201d.<\/p>\n<p><cite>Salvador Trevi\u00f1o Garza, director general de\u00a0<strong>la Comisi\u00f3n Estatal Del Agua En Tamaulipas<\/strong><\/cite><\/p><\/blockquote>\n<p>La presa Vicente Guerrero, ubicada en el\u00a0<strong>municipio de Padilla<\/strong>, es la principal fuente de abasto de agua\u00a0<strong>para Ciudad Victoria<\/strong>, actualmente baj\u00f3 su nivel a s\u00f3lo 20% de almacenamiento.<\/p>\n<p>El Sistema Lagunario Chairel, en la\u00a0<strong>zona sur de Tamaulipas<\/strong>, se ubica en el 65.68% de llenado, mientras que la presa Cerro Prieto, que se ubica en el municipio de Linares, en Nuevo Le\u00f3n, pero que abastece a Tamaulipas, se encuentra en estado cr\u00edtico, pr\u00e1cticamente desahuciada, pues est\u00e1 vac\u00eda en m\u00e1s del 99%.<\/p>\n<div class=\"code-block code-block-18 amp-wp-d1954fa\" data-amp-original-style=\"margin: 8px 0; clear: both;\"><\/div>\n","protected":false},"excerpt":{"rendered":"<p>En\u00a0Tamaulipas, llaman a cuidar\u00a0el\u00a0agua\u00a0ante la escasez y sequ\u00eda que se vive en la entidad y&#8230;<\/p>\n","protected":false},"author":1,"featured_media":8843,"comment_status":"open","ping_status":"closed","sticky":false,"template":"","format":"standard","meta":{"footnotes":""},"categories":[7,9],"tags":[],"class_list":["post-8841","post","type-post","status-publish","format-standard","has-post-thumbnail","hentry","category-nacional","category-politica"],"_links":{"self":[{"href":"https:\/\/sacramentoqr.com\/index.php?rest_route=\/wp\/v2\/posts\/8841","targetHints":{"allow":["GET"]}}],"collection":[{"href":"https:\/\/sacramentoqr.com\/index.php?rest_route=\/wp\/v2\/posts"}],"about":[{"href":"https:\/\/sacramentoqr.com\/index.php?rest_route=\/wp\/v2\/types\/post"}],"author":[{"embeddable":true,"href":"https:\/\/sacramentoqr.com\/index.php?rest_route=\/wp\/v2\/users\/1"}],"replies":[{"embeddable":true,"href":"https:\/\/sacramentoqr.com\/index.php?rest_route=%2Fwp%2Fv2%2Fcomments&post=8841"}],"version-history":[{"count":1,"href":"https:\/\/sacramentoqr.com\/index.php?rest_route=\/wp\/v2\/posts\/8841\/revisions"}],"predecessor-version":[{"id":8842,"href":"https:\/\/sacramentoqr.com\/index.php?rest_route=\/wp\/v2\/posts\/8841\/revisions\/8842"}],"wp:featuredmedia":[{"embeddable":true,"href":"https:\/\/sacramentoqr.com\/index.php?rest_route=\/wp\/v2\/media\/8843"}],"wp:attachment":[{"href":"https:\/\/sacramentoqr.com\/index.php?rest_route=%2Fwp%2Fv2%2Fmedia&parent=8841"}],"wp:term":[{"taxonomy":"category","embeddable":true,"href":"https:\/\/sacramentoqr.com\/index.php?rest_route=%2Fwp%2Fv2%2Fcategories&post=8841"},{"taxonomy":"post_tag","embeddable":true,"href":"https:\/\/sacramentoqr.com\/index.php?rest_route=%2Fwp%2Fv2%2Ftags&post=8841"}],"curies":[{"name":"wp","href":"https:\/\/api.w.org\/{rel}","templated":true}]}}