{"id":9060,"date":"2022-07-23T19:17:42","date_gmt":"2022-07-24T00:17:42","guid":{"rendered":"https:\/\/sacramentoqr.com\/?p=9060"},"modified":"2022-07-24T00:17:56","modified_gmt":"2022-07-24T00:17:56","slug":"emergencia-mundial-por-viruela-del-mono-con-52-casos-en-mexico-los-estados-en-alerta-donde-se-han-detectado","status":"publish","type":"post","link":"https:\/\/sacramentoqr.com\/?p=9060","title":{"rendered":"Emergencia mundial por Viruela del Mono: con 52 casos en M\u00e9xico, los estados en alerta donde se han detectado"},"content":{"rendered":"<h4 class=\"article-subheadline\" style=\"text-align: center;\">El estado de Jalisco es donde se concentra el mayor n\u00famero de pacientes contagiados con la Viruela del Mono<\/h4>\n<div class=\"byline\">\n<div class=\"byline-text-wrapper\">\n<p class=\"paragraph\">La Organizaci\u00f3n Mundial de la Salud (<b>OMS<\/b>)\u00a0<b>declar\u00f3<\/b><b>\u00a0la viruela del mono como emergencia sanitaria mundial<\/b>. La clasificaci\u00f3n es la alerta m\u00e1s alta que la OMS puede emitir y sigue a un repunte mundial de casos. Hasta el momento, se han registrado\u00a0<b>m\u00e1s de 16.000 casos en 75 pa\u00edses<\/b>, inform\u00f3 el director general de la OMS, el\u00a0<b>Dr. Tedros Adhanom Ghebreyesus<\/b>.<\/p>\n<p class=\"paragraph\">Cabe mencionar, que actualmente, solo existen otras dos emergencias de salud de este tipo:\u00a0<b>la pandemia de coronavirus y el esfuerzo continuo para erradicar la poliomielitis<\/b>.<\/p>\n<p class=\"paragraph\"><b>M\u00e9xico ocupa el lugar n\u00famero de 20 a nivel internacional, con\u00a0<\/b><b>un total de 52 personas contagiadas de la viruela s\u00edmica<\/b><b>. Le siguen Irlanda con 69, Suecia 77 y Austria 99; siendo Espa\u00f1a el pa\u00eds que ocupa el primer lugar con 31225 infectados.<\/b><\/p>\n<p class=\"paragraph\">La\u00a0<b>Organizaci\u00f3n Panamericana de la Salud<\/b>\u00a0(<b>OPS<\/b>) report\u00f3 que hasta el cierre del lunes 18 de julio,<b>\u00a0en M\u00e9xico hay un registro de 48 casos confirmados de viruela del mono,\u00a0lo que representa un incremento de 13 casos con relaci\u00f3n al lunes de la semana pasada<\/b>, por lo que se podr\u00eda de hablar de un incremento cercano al<b>\u00a040% en contagios<\/b>.<\/p>\n<p class=\"paragraph\">De acuerdo a la informaci\u00f3n oficial, el\u00a0<b>94% de los casos se presentaron en hombres y, de estos, el 60% son personas que viven con VIH\/SIDA<\/b>\u00a0(virus de inmunodeficiencia humana \/ s\u00edndrome de inmunodeficiencia adquirida). Las entidades afectadas por la presencia del virus son\u00a0<b>Baja California, Ciudad de M\u00e9xico, Colima, Estado de M\u00e9xico, Jalisco, Nuevo Le\u00f3n, Quintana Roo y Veracruz<\/b>.<\/p>\n<p class=\"paragraph\">Siendo la Perla Tapat\u00eda y la CDMX en donde se concentra\u00a0<b>el mayor n\u00famero de pacientes confirmados<\/b>. Cabe destacar que el primer paciente de viruela s\u00edmica que se report\u00f3 en M\u00e9xico fue el 28 de mayo y, de acuerdo informaci\u00f3n oficial proporcionada por\u00a0<b>Hugo L\u00f3pez-Gatell<\/b>, subsecretario de Prevenci\u00f3n y Promoci\u00f3n de la Salud, fue\u00a0<b>una persona de 50 a\u00f1os de edad que viaj\u00f3 de Nueva York a la capital nacional<\/b>.<\/p>\n<p class=\"paragraph\">Por su parte, el<b>\u00a0Gobierno de Jalisco<\/b>\u00a0inform\u00f3 el viernes 22 de julio que se detectaron\u00a0<b>dos casos m\u00e1s de la viruela del mono<\/b>, lo que hace un total de\u00a0<b>13 contagiados en la entidad<\/b>.\u00a0<b>De este total, \u00fanicamente tres contin\u00faan activos<\/b>, porque el resto ya cumpli\u00f3 su periodo de aislamiento.<\/p>\n<p class=\"paragraph\">Asimismo, la Secretar\u00eda de Salud de Tabasco inform\u00f3 ese mismo viernes, a trav\u00e9s de un comunicado, que\u00a0<b>su primer caso es un masculino mayor de edad.<\/b><\/p>\n<p class=\"paragraph\">De acuerdo con la Organizaci\u00f3n Mundial de la Salud (<b>OMS<\/b>) precisan que\u00a0<b>solo entre un 3 y 6% de los pacientes que llegan a fallecer<\/b>\u00a0son los que presentan cuadros de inmunodeprimidos como el VIH o cr\u00f3nicos degenerativos.<\/p>\n<h2 class=\"header\">Medidas preventivas para no contagiarse de la viruela del mono:<\/h2>\n<p class=\"paragraph\">&#8211; Lavarse manos con agua y jab\u00f3n, uso de gel alcohol en caso de no contar con agua.<\/p>\n<p class=\"paragraph\">&#8211; Cubrir nariz y boca al toser o estornudar<\/p>\n<p class=\"paragraph\">&#8211; Evitar compartir alimentos, cubiertos y trastes y en caso de contacto con un caso confirmado lavar ropa de cama, toallas, utensilios de cocina; entre otros, con agua caliente y jab\u00f3n.<\/p>\n<p class=\"paragraph\">&#8211; En caso de presentar s\u00edntomas acudir a una unidad m\u00e9dica por atenci\u00f3n.<\/p>\n<div class=\"jwplayer-ctn\">\n<h2 class=\"header\">Mortalidad de la viruela s\u00edmica<\/h2>\n<p class=\"paragraph\">Seg\u00fan datos de la OMS \u201cl<b>a manifestaci\u00f3n cl\u00ednica de la viruela del mono suele ser leve\u201d<\/b>. Es decir, que si se llega a contraer, la persona no se encuentra en un riesgo mortal. Pues se ha observado que en \u00c1frica occidental, de acuerdo a los casos registrados por Europa,\u00a0<b>tienen una tasa de letalidad del 3,6% en estudios realizados en pa\u00edses africanos.\u00a0<\/b><\/p>\n<p class=\"paragraph\">La mortalidad es mayor entre los ni\u00f1os, los adultos j\u00f3venes y en las personas inmunodeprimidas, ya que tienen un riesgo especial de enfermedad grave.\u00a0Pero en general,\u00a0<b>la mayor\u00eda de las personas se recuperan en semanas<\/b>.<\/p>\n<p class=\"paragraph\">Sobre las complicaciones que se pueden llegar a presentar, destacan las infecciones de la piel, neumon\u00eda, confusi\u00f3n e infecciones oculares que pueden provocar la p\u00e9rdida de la visi\u00f3n.<b>\u00a0Por otro lado, los casos que terminaron en defunciones solo han sucedido entre el 3% y 6% de los infectados de donde la viruela de mono es end\u00e9mica.<\/b><\/p>\n<\/div>\n<\/div>\n<\/div>\n","protected":false},"excerpt":{"rendered":"<p>El estado de Jalisco es donde se concentra el mayor n\u00famero de pacientes contagiados con&#8230;<\/p>\n","protected":false},"author":1,"featured_media":9062,"comment_status":"open","ping_status":"closed","sticky":false,"template":"","format":"standard","meta":{"footnotes":""},"categories":[7,11],"tags":[],"class_list":["post-9060","post","type-post","status-publish","format-standard","has-post-thumbnail","hentry","category-nacional","category-salud"],"_links":{"self":[{"href":"https:\/\/sacramentoqr.com\/index.php?rest_route=\/wp\/v2\/posts\/9060","targetHints":{"allow":["GET"]}}],"collection":[{"href":"https:\/\/sacramentoqr.com\/index.php?rest_route=\/wp\/v2\/posts"}],"about":[{"href":"https:\/\/sacramentoqr.com\/index.php?rest_route=\/wp\/v2\/types\/post"}],"author":[{"embeddable":true,"href":"https:\/\/sacramentoqr.com\/index.php?rest_route=\/wp\/v2\/users\/1"}],"replies":[{"embeddable":true,"href":"https:\/\/sacramentoqr.com\/index.php?rest_route=%2Fwp%2Fv2%2Fcomments&post=9060"}],"version-history":[{"count":1,"href":"https:\/\/sacramentoqr.com\/index.php?rest_route=\/wp\/v2\/posts\/9060\/revisions"}],"predecessor-version":[{"id":9061,"href":"https:\/\/sacramentoqr.com\/index.php?rest_route=\/wp\/v2\/posts\/9060\/revisions\/9061"}],"wp:featuredmedia":[{"embeddable":true,"href":"https:\/\/sacramentoqr.com\/index.php?rest_route=\/wp\/v2\/media\/9062"}],"wp:attachment":[{"href":"https:\/\/sacramentoqr.com\/index.php?rest_route=%2Fwp%2Fv2%2Fmedia&parent=9060"}],"wp:term":[{"taxonomy":"category","embeddable":true,"href":"https:\/\/sacramentoqr.com\/index.php?rest_route=%2Fwp%2Fv2%2Fcategories&post=9060"},{"taxonomy":"post_tag","embeddable":true,"href":"https:\/\/sacramentoqr.com\/index.php?rest_route=%2Fwp%2Fv2%2Ftags&post=9060"}],"curies":[{"name":"wp","href":"https:\/\/api.w.org\/{rel}","templated":true}]}}