{"id":9093,"date":"2022-07-25T19:09:58","date_gmt":"2022-07-26T00:09:58","guid":{"rendered":"https:\/\/sacramentoqr.com\/?p=9093"},"modified":"2022-07-26T00:10:07","modified_gmt":"2022-07-26T00:10:07","slug":"grupo-mexico-se-queda-sin-concesion-del-tramo-5-del-tren-maya-tras-blindaje","status":"publish","type":"post","link":"https:\/\/sacramentoqr.com\/?p=9093","title":{"rendered":"Grupo M\u00e9xico se queda sin concesi\u00f3n del tramo 5 del Tren Maya tras \u2018blindaje\u2019"},"content":{"rendered":"<div class=\"row\">\n<div class=\"col-sm-xl-12 layout-section wrap-bottom\">\n<h4 class=\"primary-font__PrimaryFontStyles-o56yd5-0 heuGTu h4-primary sub-headline\" style=\"text-align: center;\">Grupo M\u00e9xico estaba a cargo de la construcci\u00f3n de la v\u00eda f\u00e9rrea del tramo 5 sur del Tren Maya.<\/h4>\n<div class=\"default__StyledDiv-cj38t1-0 gCPfDm share-bar\">\n<p class=\"default__StyledText-xb1qmn-0 cgXrXK body-paragraph\">El Gobierno Federal retir\u00f3 la concesi\u00f3n de construcci\u00f3n del tramo 5 a Grupo M\u00e9xico tras la\u00a0clasificaci\u00f3n de la obra como de seguridad nacional, anunci\u00f3 este lunes el presidente L\u00f3pez Obrador.<\/p>\n<p class=\"default__StyledText-xb1qmn-0 cgXrXK body-paragraph\">Tras ser cuestionado sobre la\u00a0<b>participaci\u00f3n de la empresa en la construcci\u00f3n del tramo 5<\/b>, el mandatario dijo que ya no estar\u00eda a cargo pues \u201cahora ya es un\u00a0<b>asunto de seguridad nacional<\/b>\u00a0y como tal se est\u00e1 trabajando\u201d.<\/p>\n<\/div>\n<\/div>\n<\/div>\n<div class=\"row\">\n<div class=\"col-sm-md-12 col-lg-xl-8 left-article-section ie-flex-100-percent-sm layout-section\">\n<p class=\"default__StyledText-xb1qmn-0 cgXrXK body-paragraph\">Sobre la<b>\u00a0indemnizaci\u00f3n\u00a0<\/b>mencion\u00f3 que a\u00fan no se ha cuantificado pero \u201cya tomamos la decisi\u00f3n\u201d.<\/p>\n<p class=\"default__StyledText-xb1qmn-0 cgXrXK body-paragraph\">La construcci\u00f3n de la v\u00eda f\u00e9rrea del tramo 5 sur, que corresponde al trayecto de Playa del Carmen al Libramiento Tulum y que comprende\u00a0<b>60.7 kil\u00f3metros de doble v\u00eda electrificada<\/b>, fue adjudicada el pasado 29 de enero a Grupo M\u00e9xico, en conjunto con la empresa espa\u00f1ola Acciona.<\/p>\n<p class=\"default__StyledText-xb1qmn-0 cgXrXK body-paragraph\">Ahora, con el retiro de la concesi\u00f3n se desconoce la entidad que se encargar\u00e1 de la construcci\u00f3n de una parte del quinto tramo.<\/p>\n<p class=\"default__StyledText-xb1qmn-0 cgXrXK body-paragraph\">La Secretar\u00eda de la Defensa Nacional (Sedena) ya tiene adjudicada la parte norte pero L\u00f3pez Obrador no precis\u00f3 si se encargar\u00eda tambi\u00e9n del tramo sur, ni lo que pasar\u00e1 con la espa\u00f1ola Acciona, quien estaba colaborando con Grupo M\u00e9xico.<\/p>\n<h2 class=\"heading__StyledHeading-sc-5jxglz-0 kSxoe\">Empresas con licitaciones en el Tren Maya<\/h2>\n<p class=\"default__StyledText-xb1qmn-0 cgXrXK body-paragraph\">Hasta el momento se cuenta con las siguientes licitaciones en todos los tramos del tren:<\/p>\n<ul class=\"list__StyledUnorderedList-sc-1wwq737-2 elaPtt\">\n<li class=\"list__StyledListItem-sc-1wwq737-0 dmVxvi\"><b>Tramo 1:\u00a0<\/b>Mota-Engil M\u00e9xico en convenio con China Communications Construction Company, Grupo Cosh, V Eyasa y Gavil Ingenier\u00eda.<\/li>\n<li class=\"list__StyledListItem-sc-1wwq737-0 dmVxvi\"><b>Tramo 2:\u00a0<\/b>Operadora CICSA en convenio de asociaci\u00f3n con FCC Construcci\u00f3n.<\/li>\n<li class=\"list__StyledListItem-sc-1wwq737-0 dmVxvi\"><b>Tramo 3:\u00a0<\/b>Construcciones Urales en convenio de asociaci\u00f3n con GAMI Ingenier\u00eda e Instalaciones y AZVI.<\/li>\n<li class=\"list__StyledListItem-sc-1wwq737-0 dmVxvi\"><b>Tramo 4:\u00a0<\/b>Grupo ICA \u2013 Este tramo fue adjudicado directamente el 21 de septiembre de 2020 debido a que mantiene la concesi\u00f3n de la autopista 180D.<\/li>\n<li class=\"list__StyledListItem-sc-1wwq737-0 dmVxvi\"><b>Tramos 5 Norte:<\/b>\u00a0Secretar\u00eda de la Defensa Nacional (Sedena).<\/li>\n<li class=\"list__StyledListItem-sc-1wwq737-0 dmVxvi\"><b>Tramo 5 Sur:\u00a0<\/b>Sin consorcio constructor.<\/li>\n<li class=\"list__StyledListItem-sc-1wwq737-0 dmVxvi\"><b>Tramos 6 y 7:\u00a0<\/b>Sedena.<\/li>\n<\/ul>\n<\/div>\n<\/div>\n","protected":false},"excerpt":{"rendered":"<p>Grupo M\u00e9xico estaba a cargo de la construcci\u00f3n de la v\u00eda f\u00e9rrea del tramo 5&#8230;<\/p>\n","protected":false},"author":1,"featured_media":9095,"comment_status":"open","ping_status":"closed","sticky":false,"template":"","format":"standard","meta":{"footnotes":""},"categories":[6,9,10],"tags":[],"class_list":["post-9093","post","type-post","status-publish","format-standard","has-post-thumbnail","hentry","category-local","category-politica","category-quintana-roo"],"_links":{"self":[{"href":"https:\/\/sacramentoqr.com\/index.php?rest_route=\/wp\/v2\/posts\/9093","targetHints":{"allow":["GET"]}}],"collection":[{"href":"https:\/\/sacramentoqr.com\/index.php?rest_route=\/wp\/v2\/posts"}],"about":[{"href":"https:\/\/sacramentoqr.com\/index.php?rest_route=\/wp\/v2\/types\/post"}],"author":[{"embeddable":true,"href":"https:\/\/sacramentoqr.com\/index.php?rest_route=\/wp\/v2\/users\/1"}],"replies":[{"embeddable":true,"href":"https:\/\/sacramentoqr.com\/index.php?rest_route=%2Fwp%2Fv2%2Fcomments&post=9093"}],"version-history":[{"count":1,"href":"https:\/\/sacramentoqr.com\/index.php?rest_route=\/wp\/v2\/posts\/9093\/revisions"}],"predecessor-version":[{"id":9094,"href":"https:\/\/sacramentoqr.com\/index.php?rest_route=\/wp\/v2\/posts\/9093\/revisions\/9094"}],"wp:featuredmedia":[{"embeddable":true,"href":"https:\/\/sacramentoqr.com\/index.php?rest_route=\/wp\/v2\/media\/9095"}],"wp:attachment":[{"href":"https:\/\/sacramentoqr.com\/index.php?rest_route=%2Fwp%2Fv2%2Fmedia&parent=9093"}],"wp:term":[{"taxonomy":"category","embeddable":true,"href":"https:\/\/sacramentoqr.com\/index.php?rest_route=%2Fwp%2Fv2%2Fcategories&post=9093"},{"taxonomy":"post_tag","embeddable":true,"href":"https:\/\/sacramentoqr.com\/index.php?rest_route=%2Fwp%2Fv2%2Ftags&post=9093"}],"curies":[{"name":"wp","href":"https:\/\/api.w.org\/{rel}","templated":true}]}}