{"id":9342,"date":"2022-08-08T18:14:06","date_gmt":"2022-08-08T23:14:06","guid":{"rendered":"https:\/\/sacramentoqr.com\/?p=9342"},"modified":"2022-08-08T23:14:15","modified_gmt":"2022-08-08T23:14:15","slug":"dia-internacional-del-gato-cual-es-el-origen-de-esta-celebracion-y-por-que-se-da-3-veces-al-ano","status":"publish","type":"post","link":"https:\/\/sacramentoqr.com\/?p=9342","title":{"rendered":"D\u00eda Internacional del Gato: \u00bfcu\u00e1l es el origen de esta celebraci\u00f3n y por qu\u00e9 se da 3 veces al a\u00f1o?"},"content":{"rendered":"<h4 class=\"article-subheadline\" style=\"text-align: center;\">Durante todo el a\u00f1o existen tres fechas para celebrar a este felino, una de ellas es el 8 de agosto. Conoce m\u00e1s en esta nota.<\/h4>\n<div class=\"byline\">\n<div class=\"byline-text-wrapper\">\n<p class=\"paragraph\">El gato es el felino m\u00e1s popular y m\u00e1s querido por las personas. Su forma de ser ha conquistado a m\u00e1s de uno y hoy en d\u00eda cuentan con protagonismo singular en cada hogar. Al ser la segunda especie de mascota con mayor presencia en los hogares humanos, este felino posee un d\u00eda para ser celebrado, al igual que los perros.<\/p>\n<p class=\"paragraph\">Sin embargo, puede que exista una confusi\u00f3n en cuanto a la fecha de celebraci\u00f3n, ya que el gato posee m\u00e1s de un d\u00eda especial. Descubre a continuaci\u00f3n cu\u00e1l es el origen de cada d\u00eda y qui\u00e9n design\u00f3 al 8 de agosto como una fecha m\u00e1s para festejar a los mininos.<\/p>\n<h2 class=\"header\">\u00bfPor qu\u00e9 se celebra el \u2018D\u00eda del Gato\u2019\u2019 el 8 de agosto?<\/h2>\n<p class=\"paragraph\">Esta fecha fue designada por el Fondo Internacional para el Bienestar Animal (IFAW) dede el a\u00f1o 2002. El nombre de esta fecha es<i><b>\u00a0\u2018<\/b><\/i><i><b>D\u00eda Internacional del Gato\u2019<\/b><\/i><i>\u00a0<\/i>y el motivo por el cual eligieron esta fecha es porque durante esta fecha\u00a0<b>los gatos\u00a0<\/b>se encuentran en<b>\u00a0la temporada de fertilidad dentro de la zona del hemisferio norte.<\/b><\/p>\n<p class=\"paragraph\"><i>\u201cEl Fondo Internacional para el Bienestar Animal estableci\u00f3 el D\u00eda Internacional del Gato con un recordatorio para todo aquel con un querido felino en su vida: \u00a1Tu amigo peludo puede ser un asesino de sangre fr\u00eda! Muchos de nosotros amamos a los gatos y disfrutamos tenerlos en nuestras vidas. Son una fuente compa\u00f1\u00eda, comodidad y diversi\u00f3n, pero en muchos lugares del mundo,\u00a0<\/i><i><b>los gatos dom\u00e9sticos<\/b><\/i><i>\u00a0pueden representar una molestia o un peligro real para la vida silvestre\u201d,\u00a0<\/i>se lee en el mensaje publicado por la organizaci\u00f3n que dio inicio a esta celebraci\u00f3n.<\/p>\n<h2 class=\"header\">\u00bfCu\u00e1les son los otros d\u00edas de celebraci\u00f3n para el gato?<\/h2>\n<p class=\"paragraph\">Tal como lo mencionamos, existen otros dos d\u00edas m\u00e1s, uno de ellos y el m\u00e1s conocido es el\u00a0<b>20 de febrero y otro es el 29 de octubre.<\/b><\/p>\n<p class=\"paragraph\">\u25fe\u00a0<b>D\u00eda del Gato el 20 de febrero:<\/b><\/p>\n<p class=\"paragraph\">Su origen radica en un hecho muy popular que sucedi\u00f3 en Estados Unidos. En el a\u00f1o 2009 Socks,\u00a0<b>la gata del ex presidente<\/b>\u00a0de Estados Unidos, Bill Clinton,<b>\u00a0recibi\u00f3 la eutanasia.<\/b>\u00a0Se sabe que esta mascota form\u00f3 parte de la casa blanca desde 1993 hasta el 2009. Chelsea Clinton, hija del expresidente era quien paraba al lado de Socks y en\u00a0innumerables ocasiones este animal capt\u00f3 la atenci\u00f3n de los medios.<\/p>\n<p class=\"paragraph\">\u25fe\u00a0<b>D\u00eda del Gato el 29 de octubre:<\/b><\/p>\n<p class=\"paragraph\">Nace a ra\u00edz de un acto de concientizaci\u00f3n en Estados Unidos. Colleen Paige cre\u00f3 el D\u00eda Nacional del Gato en esta fecha con el objetivo de lograr todos los a\u00f1os, un total de 10,000 adopciones de gatos ese d\u00eda. La adopci\u00f3n de<b>\u00a0gatos callejeros<\/b>\u00a0fue el principal motivo de esta celebraci\u00f3n.<\/p>\n<p class=\"paragraph\">A diferencia de los dem\u00e1s d\u00edas, en Europa toman como referente este d\u00eda para la celebraci\u00f3n de los mininos.<\/p>\n<h2 class=\"header\">Una celebraci\u00f3n adicional<\/h2>\n<p class=\"paragraph\">Solo en occidente se da la celebraci\u00f3n tres veces al a\u00f1o, pero en el caso de<b>\u00a0Rusia\u00a0<\/b>la situaci\u00f3n cambia. Este pa\u00eds tambi\u00e9n cuenta con un d\u00eda especial para este animal y han tomado el\u00a0<b>1 de marzo como fecha conmemorativa para el felino dom\u00e9stico<\/b>. Resulta que en dicha regi\u00f3n\u00a0<b>los gatos son uno de los animales m\u00e1s venerados y amados<\/b>. Se trata del pa\u00eds con m\u00e1s alto \u00edndice de due\u00f1os de\u00a0<b>gatos del mundo.<\/b><\/p>\n<blockquote class=\"color_figcaption\"><p><b>DATO:\u00a0<\/b>Ucrania y Estados Unidos son otros pa\u00edses en los que tambi\u00e9n existe una gran cantidad de due\u00f1os de gatos.<\/p><\/blockquote>\n<\/div>\n<\/div>\n","protected":false},"excerpt":{"rendered":"<p>Durante todo el a\u00f1o existen tres fechas para celebrar a este felino, una de ellas&#8230;<\/p>\n","protected":false},"author":1,"featured_media":9344,"comment_status":"open","ping_status":"closed","sticky":false,"template":"","format":"standard","meta":{"footnotes":""},"categories":[2,5],"tags":[],"class_list":["post-9342","post","type-post","status-publish","format-standard","has-post-thumbnail","hentry","category-cultural","category-internacional"],"_links":{"self":[{"href":"https:\/\/sacramentoqr.com\/index.php?rest_route=\/wp\/v2\/posts\/9342","targetHints":{"allow":["GET"]}}],"collection":[{"href":"https:\/\/sacramentoqr.com\/index.php?rest_route=\/wp\/v2\/posts"}],"about":[{"href":"https:\/\/sacramentoqr.com\/index.php?rest_route=\/wp\/v2\/types\/post"}],"author":[{"embeddable":true,"href":"https:\/\/sacramentoqr.com\/index.php?rest_route=\/wp\/v2\/users\/1"}],"replies":[{"embeddable":true,"href":"https:\/\/sacramentoqr.com\/index.php?rest_route=%2Fwp%2Fv2%2Fcomments&post=9342"}],"version-history":[{"count":1,"href":"https:\/\/sacramentoqr.com\/index.php?rest_route=\/wp\/v2\/posts\/9342\/revisions"}],"predecessor-version":[{"id":9343,"href":"https:\/\/sacramentoqr.com\/index.php?rest_route=\/wp\/v2\/posts\/9342\/revisions\/9343"}],"wp:featuredmedia":[{"embeddable":true,"href":"https:\/\/sacramentoqr.com\/index.php?rest_route=\/wp\/v2\/media\/9344"}],"wp:attachment":[{"href":"https:\/\/sacramentoqr.com\/index.php?rest_route=%2Fwp%2Fv2%2Fmedia&parent=9342"}],"wp:term":[{"taxonomy":"category","embeddable":true,"href":"https:\/\/sacramentoqr.com\/index.php?rest_route=%2Fwp%2Fv2%2Fcategories&post=9342"},{"taxonomy":"post_tag","embeddable":true,"href":"https:\/\/sacramentoqr.com\/index.php?rest_route=%2Fwp%2Fv2%2Ftags&post=9342"}],"curies":[{"name":"wp","href":"https:\/\/api.w.org\/{rel}","templated":true}]}}