{"id":9348,"date":"2022-08-08T18:32:02","date_gmt":"2022-08-08T23:32:02","guid":{"rendered":"https:\/\/sacramentoqr.com\/?p=9348"},"modified":"2022-08-08T23:32:10","modified_gmt":"2022-08-08T23:32:10","slug":"creditos-automotrices-en-estados-unidos-incluirian-autos-de-mexico-y-canada","status":"publish","type":"post","link":"https:\/\/sacramentoqr.com\/?p=9348","title":{"rendered":"Cr\u00e9ditos automotrices en Estados Unidos incluir\u00edan autos de M\u00e9xico y Canad\u00e1"},"content":{"rendered":"<h4 style=\"text-align: center;\">La nueva iniciativa plantea que el ensamblaje final debe tener lugar en Norteam\u00e9rica, mientras que el precio de venta al p\u00fablico debe ser inferior a 55,000 d\u00f3lares en el caso de los coches y a 80,000 d\u00f3lares en el caso de los camiones y los todoterrenos.<\/h4>\n<p class=\"jsx-1380344623\">Con la aprobaci\u00f3n este domingo en el\u00a0<strong>Senado de Estados Unidos<\/strong>\u00a0de la\u00a0Ley de Reducci\u00f3n de la Inflaci\u00f3n\u00a0se permitir\u00eda usar cr\u00e9ditos automotrices estadounidenses para la compra de autos producidos tambi\u00e9n en M\u00e9xico y Canad\u00e1.<\/p>\n<p class=\"jsx-1380344623 fi-aic_250\">Se espera que en los pr\u00f3ximos d\u00edas este proyecto de ley sea ratificado por la\u00a0<strong>C\u00e1mara de Representantes<\/strong>, donde el Partido Dem\u00f3crata tiene mayor\u00eda.<\/p>\n<p class=\"jsx-1380344623\">La nueva iniciativa sustituy\u00f3 a otra presentada el a\u00f1o pasado por la administraci\u00f3n del presidente Joe Biden que inclu\u00eda cr\u00e9ditos fiscales para veh\u00edculos el\u00e9ctricos y discriminaba la\u00a0<strong>producci\u00f3n de M\u00e9xico y Canad\u00e1<\/strong>.<\/p>\n<p class=\"jsx-1380344623 fi-aic_250\">La anterior iniciativa aumentar\u00eda los cr\u00e9ditos para veh\u00edculos el\u00e9ctricos hasta 12,500 d\u00f3lares por veh\u00edculo, incluidos 4,500 d\u00f3lares para veh\u00edculos fabricados por plantas con sindicato y 500 para bater\u00edas fabricadas en Estados Unidos. Los veh\u00edculos tendr\u00edan que ensamblarse en Estados Unidos a partir de 2027 para calificar para cualquier cr\u00e9dito.<\/p>\n<p class=\"jsx-1380344623\">Ahora, la nueva iniciativa plantea que el ensamblaje final debe tener lugar en\u00a0<strong>Norteam\u00e9rica<\/strong>, mientras que el precio de venta al p\u00fablico debe ser inferior a 55,000 d\u00f3lares en el caso de los coches y a 80,000 d\u00f3lares en el caso de los camiones y los todoterrenos.v<\/p>\n<p class=\"jsx-1380344623 fi-aic_250\">Pero tambi\u00e9n ahora se han introducido varios requisitos que hacen que los\u00a0<strong>fabricantes de autom\u00f3viles<\/strong>\u00a0afirmen que 70% de los Veh\u00edculos El\u00e9ctricos (VE) los PHEV (veh\u00edculos h\u00edbridos enchufables) no podr\u00e1n optar al cr\u00e9dito.<\/p>\n<p class=\"jsx-1380344623\">Hay 72 modelos de VE actualmente disponibles para su compra en los Estados Unidos, incluyendo veh\u00edculos el\u00e9ctricos de bater\u00eda, h\u00edbridos enchufables y de pila de combustible, dice John Bozzella, director general de la Alianza para la Innovaci\u00f3n Automotriz, un grupo comercial que cuenta con General Motors, Toyota y Ford como miembros en un comunicado.<\/p>\n<p class=\"jsx-1380344623\">\u201cEl 70% de esos veh\u00edculos el\u00e9ctricos se convertir\u00eda inmediatamente en inelegible cuando se apruebe el proyecto de ley y ninguno tendr\u00eda derecho a la totalidad del cr\u00e9dito cuando entren en vigor los requisitos adicionales de abastecimiento. Cero\u201d, a\u00f1adi\u00f3.<\/p>\n<div id=\"FIOnDemandWrapper_fiInstance_115565_2_1585041794271879\" class=\"FIOnDemandWrapper\"><\/div>\n","protected":false},"excerpt":{"rendered":"<p>La nueva iniciativa plantea que el ensamblaje final debe tener lugar en Norteam\u00e9rica, mientras que&#8230;<\/p>\n","protected":false},"author":1,"featured_media":9350,"comment_status":"open","ping_status":"closed","sticky":false,"template":"","format":"standard","meta":{"footnotes":""},"categories":[5,7,12],"tags":[],"class_list":["post-9348","post","type-post","status-publish","format-standard","has-post-thumbnail","hentry","category-internacional","category-nacional","category-tecnologia"],"_links":{"self":[{"href":"https:\/\/sacramentoqr.com\/index.php?rest_route=\/wp\/v2\/posts\/9348","targetHints":{"allow":["GET"]}}],"collection":[{"href":"https:\/\/sacramentoqr.com\/index.php?rest_route=\/wp\/v2\/posts"}],"about":[{"href":"https:\/\/sacramentoqr.com\/index.php?rest_route=\/wp\/v2\/types\/post"}],"author":[{"embeddable":true,"href":"https:\/\/sacramentoqr.com\/index.php?rest_route=\/wp\/v2\/users\/1"}],"replies":[{"embeddable":true,"href":"https:\/\/sacramentoqr.com\/index.php?rest_route=%2Fwp%2Fv2%2Fcomments&post=9348"}],"version-history":[{"count":1,"href":"https:\/\/sacramentoqr.com\/index.php?rest_route=\/wp\/v2\/posts\/9348\/revisions"}],"predecessor-version":[{"id":9349,"href":"https:\/\/sacramentoqr.com\/index.php?rest_route=\/wp\/v2\/posts\/9348\/revisions\/9349"}],"wp:featuredmedia":[{"embeddable":true,"href":"https:\/\/sacramentoqr.com\/index.php?rest_route=\/wp\/v2\/media\/9350"}],"wp:attachment":[{"href":"https:\/\/sacramentoqr.com\/index.php?rest_route=%2Fwp%2Fv2%2Fmedia&parent=9348"}],"wp:term":[{"taxonomy":"category","embeddable":true,"href":"https:\/\/sacramentoqr.com\/index.php?rest_route=%2Fwp%2Fv2%2Fcategories&post=9348"},{"taxonomy":"post_tag","embeddable":true,"href":"https:\/\/sacramentoqr.com\/index.php?rest_route=%2Fwp%2Fv2%2Ftags&post=9348"}],"curies":[{"name":"wp","href":"https:\/\/api.w.org\/{rel}","templated":true}]}}