{"id":9525,"date":"2022-08-18T17:54:35","date_gmt":"2022-08-18T22:54:35","guid":{"rendered":"https:\/\/sacramentoqr.com\/?p=9525"},"modified":"2022-08-18T22:54:43","modified_gmt":"2022-08-18T22:54:43","slug":"la-tasa-de-desempleo-de-mexico-cae-al-32-en-el-segundo-trimestre-de-2022","status":"publish","type":"post","link":"https:\/\/sacramentoqr.com\/?p=9525","title":{"rendered":"La tasa de desempleo de M\u00e9xico cae al 3,2 % en el segundo trimestre de 2022"},"content":{"rendered":"<p>La tasa de desempleo en M\u00e9xico cay\u00f3 al 3,2 % en el segundo trimestre de 2022, hasta 1,9 millones de personas, con una reducci\u00f3n de un punto porcentual frente al nivel del mismo per\u00edodo de 2021, inform\u00f3 este jueves el Instituto Nacional de Estad\u00edstica y Geograf\u00eda (Inegi).<\/p>\n<div id=\"sm-it-main-container-1660861384331\" class=\"sm-it-main-container\" data-it=\"168e625b-67c7-4b53-9618-a3a1a2f91e56\" data-device=\"desktop\" data-index=\"0\">\n<div id=\"theArticle\" class=\"detalle clearfix\">\n<div class=\"body clearfix\" role=\"main\">\n<div id=\"div_texto\" class=\"texto dont-break-out\" data-gtm-vis-recent-on-screen-10811847_38=\"437\" data-gtm-vis-first-on-screen-10811847_38=\"437\" data-gtm-vis-total-visible-time-10811847_38=\"100\" data-gtm-vis-has-fired-10811847_38=\"1\" data-gtm-vis-first-on-screen-10811847_10=\"561\" data-gtm-vis-total-visible-time-10811847_10=\"4000\" data-gtm-vis-recent-on-screen-10811847_10=\"35672\" data-gtm-vis-has-fired-10811847_10=\"1\">\n<p>\u00abUn total de 57,4 millones de personas se encontraban ocupadas, 2,2 millones de personas m\u00e1s con relaci\u00f3n al mismo trimestre de 2021\u00bb, indic\u00f3 el organismo aut\u00f3nomo en un reporte, que tambi\u00e9n se\u00f1al\u00f3 que las personas subocupadas llegaron a 5,1 millones.<\/p>\n<\/div>\n<\/div>\n<\/div>\n<div class=\"efe-contacte\"><\/div>\n<\/div>\n","protected":false},"excerpt":{"rendered":"<p>La tasa de desempleo en M\u00e9xico cay\u00f3 al 3,2 % en el segundo trimestre de&#8230;<\/p>\n","protected":false},"author":1,"featured_media":9527,"comment_status":"open","ping_status":"closed","sticky":false,"template":"","format":"standard","meta":{"footnotes":""},"categories":[7,9],"tags":[],"class_list":["post-9525","post","type-post","status-publish","format-standard","has-post-thumbnail","hentry","category-nacional","category-politica"],"_links":{"self":[{"href":"https:\/\/sacramentoqr.com\/index.php?rest_route=\/wp\/v2\/posts\/9525","targetHints":{"allow":["GET"]}}],"collection":[{"href":"https:\/\/sacramentoqr.com\/index.php?rest_route=\/wp\/v2\/posts"}],"about":[{"href":"https:\/\/sacramentoqr.com\/index.php?rest_route=\/wp\/v2\/types\/post"}],"author":[{"embeddable":true,"href":"https:\/\/sacramentoqr.com\/index.php?rest_route=\/wp\/v2\/users\/1"}],"replies":[{"embeddable":true,"href":"https:\/\/sacramentoqr.com\/index.php?rest_route=%2Fwp%2Fv2%2Fcomments&post=9525"}],"version-history":[{"count":1,"href":"https:\/\/sacramentoqr.com\/index.php?rest_route=\/wp\/v2\/posts\/9525\/revisions"}],"predecessor-version":[{"id":9526,"href":"https:\/\/sacramentoqr.com\/index.php?rest_route=\/wp\/v2\/posts\/9525\/revisions\/9526"}],"wp:featuredmedia":[{"embeddable":true,"href":"https:\/\/sacramentoqr.com\/index.php?rest_route=\/wp\/v2\/media\/9527"}],"wp:attachment":[{"href":"https:\/\/sacramentoqr.com\/index.php?rest_route=%2Fwp%2Fv2%2Fmedia&parent=9525"}],"wp:term":[{"taxonomy":"category","embeddable":true,"href":"https:\/\/sacramentoqr.com\/index.php?rest_route=%2Fwp%2Fv2%2Fcategories&post=9525"},{"taxonomy":"post_tag","embeddable":true,"href":"https:\/\/sacramentoqr.com\/index.php?rest_route=%2Fwp%2Fv2%2Ftags&post=9525"}],"curies":[{"name":"wp","href":"https:\/\/api.w.org\/{rel}","templated":true}]}}