{"id":9528,"date":"2022-08-18T17:56:35","date_gmt":"2022-08-18T22:56:35","guid":{"rendered":"https:\/\/sacramentoqr.com\/?p=9528"},"modified":"2022-08-18T22:56:43","modified_gmt":"2022-08-18T22:56:43","slug":"faltan-politicas-pro-electricos-en-mexico-cepal","status":"publish","type":"post","link":"https:\/\/sacramentoqr.com\/?p=9528","title":{"rendered":"Faltan pol\u00edticas pro el\u00e9ctricos en M\u00e9xico: Cepal"},"content":{"rendered":"<h4 class=\"h2\" style=\"text-align: center;\">Adem\u00e1s de incentivar estos autos, se debe crear la infraestructura para su uso, considera<\/h4>\n<div class=\"dfp-contenedor-imagen\">\n<p>En M\u00e9xico hay ausencia de pol\u00edticas necesarias para incentivar el consumo de autos el\u00e9ctricos y, especialmente, para crear la infraestructura necesaria para su uso, explic\u00f3 Martha Cordero, autora del estudio La inversi\u00f3n extranjera en los sectores dinamizadores del desarrollo sostenible y sus flujos hacia Centroam\u00e9rica, Cuba, Hait\u00ed, M\u00e9xico y la Rep\u00fablica Dominicana, 2015-2021.<\/p>\n<p>Algunas de las iniciativas de infraestructura creadas han sido iniciativas de empresas privadas como Nissan y BMW, expuso Cordero en el documento a cargo de la Comisi\u00f3n Econ\u00f3mica para Am\u00e9rica Latina y el Caribe (Cepal).<\/p>\n<p>Se\u00f1al\u00f3 que, aunque M\u00e9xico es el sexto productor m\u00e1s grande en el mundo de autom\u00f3viles y autopartes, la compra de veh\u00edculos el\u00e9ctricos en el pa\u00eds s\u00f3lo representa 2% del mercado.<\/p>\n<p>M\u00e9xico es uno de los pa\u00edses de la zona que atrae m\u00e1s Inversi\u00f3n Extranjera Directa en las actividades que impulsan m\u00e1s el crecimiento econ\u00f3mico, pero hay sectores con avances peque\u00f1os, de acuerdo con la Cepal.<\/p>\n<p>El estudio indic\u00f3 que hay siete sectores que tienen un \u201carrastre de la econom\u00eda en una direcci\u00f3n ambientalmente sostenible\u201d.<\/p>\n<p>Esos siete sectores, intensivos en conocimiento, con altas tasas de crecimiento en demanda y empleo, son: fuentes energ\u00e9ticas renovables no convencionales, electromovilidad urbana, digitalizaci\u00f3n, industria manufacturera de la salud, bioeconom\u00eda, econom\u00eda circular y turismo.<\/p>\n<p>En t\u00e9rminos generales, las inversiones en esos siete sectores se concentraron en M\u00e9xico con 68% y en Costa Rica con 16%. Sin embargo, hay \u00e1reas de oportunidad sobre todo en energ\u00edas renovables, electromovilidad urbana, digitalizaci\u00f3n, bioeconom\u00eda y econom\u00eda circular.<\/p>\n<p>\u201cEn el n\u00famero de proyectos recibidos (de 2015 a 2021) tambi\u00e9n se observa la mayor preponderancia de sectores dinamizadores tradicionales, en comparaci\u00f3n con el resto, as\u00ed como la concentraci\u00f3n en dos pa\u00edses: Costa Rica y M\u00e9xico\u201d, explic\u00f3 Cordero.<\/p>\n<p>Destac\u00f3 que las inversiones en digitalizaci\u00f3n permitieron que M\u00e9xico tenga un nivel de acceso general cercano al de Costa Rica, pero en ambos pa\u00edses hay brecha entre zonas urbanas y rurales.<\/p>\n<p>Del total de la poblaci\u00f3n urbana de Costa Rica, 78% tiene acceso a internet, mientras en M\u00e9xico el porcentaje llega a 71%; en el caso de la poblaci\u00f3n rural costarricense, la tasa fue de 61%, mientras que para los mexicanos alcanza 39%.<\/p>\n<\/div>\n<figure class=\"contenedor-ImagenArticulo\"><picture><source srcset=\"https:\/\/www.eluniversal.com.mx\/sites\/default\/files\/styles\/f27-273x210\/public\/2022\/08\/18\/autos.jpg?itok=-kDozQVE\" media=\"(max-width:576px)\" \/><source srcset=\"https:\/\/www.eluniversal.com.mx\/sites\/default\/files\/styles\/f03-651x400\/public\/2022\/08\/18\/autos.jpg?itok=m6dYtC4L\" media=\"(max-width:1039px)\" \/><source srcset=\"https:\/\/www.eluniversal.com.mx\/sites\/default\/files\/2022\/08\/18\/autos.jpg\" media=\"(min-width:1040px)\" \/><\/picture>\n<div id=\"standard_1\" class=\"st-placement standard_1 inImageRestricted\">\n<div class=\"st-adunit st-adunit-tagged st-reset st-show\">\n<div class=\"st-adunit-ad st-reset\">\n<div class=\"st-reset render-mode-video-area-30\">\n<div><\/div>\n<\/div>\n<\/div>\n<\/div>\n<\/div>\n<\/figure>\n","protected":false},"excerpt":{"rendered":"<p>Adem\u00e1s de incentivar estos autos, se debe crear la infraestructura para su uso, considera En&#8230;<\/p>\n","protected":false},"author":1,"featured_media":9530,"comment_status":"open","ping_status":"closed","sticky":false,"template":"","format":"standard","meta":{"footnotes":""},"categories":[7,9],"tags":[],"class_list":["post-9528","post","type-post","status-publish","format-standard","has-post-thumbnail","hentry","category-nacional","category-politica"],"_links":{"self":[{"href":"https:\/\/sacramentoqr.com\/index.php?rest_route=\/wp\/v2\/posts\/9528","targetHints":{"allow":["GET"]}}],"collection":[{"href":"https:\/\/sacramentoqr.com\/index.php?rest_route=\/wp\/v2\/posts"}],"about":[{"href":"https:\/\/sacramentoqr.com\/index.php?rest_route=\/wp\/v2\/types\/post"}],"author":[{"embeddable":true,"href":"https:\/\/sacramentoqr.com\/index.php?rest_route=\/wp\/v2\/users\/1"}],"replies":[{"embeddable":true,"href":"https:\/\/sacramentoqr.com\/index.php?rest_route=%2Fwp%2Fv2%2Fcomments&post=9528"}],"version-history":[{"count":1,"href":"https:\/\/sacramentoqr.com\/index.php?rest_route=\/wp\/v2\/posts\/9528\/revisions"}],"predecessor-version":[{"id":9529,"href":"https:\/\/sacramentoqr.com\/index.php?rest_route=\/wp\/v2\/posts\/9528\/revisions\/9529"}],"wp:featuredmedia":[{"embeddable":true,"href":"https:\/\/sacramentoqr.com\/index.php?rest_route=\/wp\/v2\/media\/9530"}],"wp:attachment":[{"href":"https:\/\/sacramentoqr.com\/index.php?rest_route=%2Fwp%2Fv2%2Fmedia&parent=9528"}],"wp:term":[{"taxonomy":"category","embeddable":true,"href":"https:\/\/sacramentoqr.com\/index.php?rest_route=%2Fwp%2Fv2%2Fcategories&post=9528"},{"taxonomy":"post_tag","embeddable":true,"href":"https:\/\/sacramentoqr.com\/index.php?rest_route=%2Fwp%2Fv2%2Ftags&post=9528"}],"curies":[{"name":"wp","href":"https:\/\/api.w.org\/{rel}","templated":true}]}}