{"id":9606,"date":"2022-08-22T19:46:30","date_gmt":"2022-08-23T00:46:30","guid":{"rendered":"https:\/\/sacramentoqr.com\/?p=9606"},"modified":"2022-08-23T00:46:31","modified_gmt":"2022-08-23T00:46:31","slug":"sin-avance-proyecto-de-comite-para-prevencion-del-suicidio","status":"publish","type":"post","link":"https:\/\/sacramentoqr.com\/?p=9606","title":{"rendered":"Sin avance, proyecto de comit\u00e9 para prevenci\u00f3n del suicidio"},"content":{"rendered":"<div>\n<div class=\"row m-b-15\">\n<div class=\"col-xs-12 col-sm-12 col-md-12 col-lg-12\">\n<h4 class=\"introduction\" style=\"text-align: center;\">La propuesta est\u00e1 estancada en el escritorio de la edil Juanita Alonso Marrufo.<\/h4>\n<\/div>\n<\/div>\n<\/div>\n<div class=\"row m-b-25\">\n<div class=\"col-xs-12 col-sm-12 col-md-12 col-lg-12 info-extra-new\">\n<p>La activaci\u00f3n del Comit\u00e9 de Prevenci\u00f3n de Salud Mental, que atiende el fen\u00f3meno del suicidio en la isla de Cozumel lleva retrasado varios meses, pese a que la propuesta est\u00e1 en el escritorio de la alcaldesa.<\/p>\n<p>Cabe resaltar que, de acuerdo con la ley, los municipios deben instalar los comit\u00e9s a m\u00e1s tardar en el primer trimestre de la administraci\u00f3n; es decir, debi\u00f3 estar listo en diciembre de 2021. De enero hasta lo que va de agosto de 2022,\u00a0<strong>se han registrado ocho suicidios en la isla de las golondrinas<\/strong>, 80% de los que ocurrieron en los 12 meses de 2021 que cerr\u00f3 con 10 decesos por esta causa.<\/p>\n<p>Sin embargo, hasta el momento no hay fecha para su instalaci\u00f3n, revelaron fuentes cercanas a la oficina de la presidencia municipal.<\/p>\n<p>Otro de los involucrados en la conformaci\u00f3n de este comit\u00e9 es J<strong>uan Carlos G\u00f3ngora Ak\u00e9<\/strong>, regidor presidente de la Comisi\u00f3n de Salud P\u00fablica, quien no respondi\u00f3 a las solicitudes de entrevista sobre el tema y c\u00f3mo contener el avance de esta problem\u00e1tica en el municipio, que ha registrado desde 2016 un\u00a0<strong>total de 58 decesos, de los cuales, 12 han sido mujeres y cinco ni\u00f1os<\/strong>.<\/p>\n<p>De acuerdo con la informaci\u00f3n que se pudo obtener de manera extra oficial, la presidente municipal\u00a0<strong>Juanita Obdulia Alonso Marrufo<\/strong>\u00a0debe dar el visto bueno de los integrantes del comit\u00e9, para posteriormente, y de acuerdo con su agenda de trabajo, determinar la fecha en la que se tomar\u00e1 protesta a los integrantes de dicho \u00f3rgano.<\/p>\n<p>Juanita Alonso asumi\u00f3 su cargo como presidenta municipal la noche del 30 de septiembre de 2021.<\/p>\n<div class=\"media-caption\">\n<h2>Contin\u00faan fallecimientos en Cozumel<\/h2>\n<p>Entre octubre y diciembre de ese a\u00f1o dos hombres se quitaron la vida, mientras que, de enero a agosto de 2022,<strong>\u00a0ocho personas m\u00e1s fallecieron por la misma causa<\/strong><\/p>\n<p>Los fallecimientos del a\u00f1o en curso se registraron en<strong>\u00a0cinco colonias y tres \u00e1reas perif\u00e9ricas o de asentamientos regulares<\/strong>, de acuerdo con el conteo realizado por la Fiscal\u00eda General del Estado (FGE) y los reportes de noticias criminales de este medio de comunicaci\u00f3n.<\/p>\n<p>En siete de los ocho reportes de fallecimientos por da\u00f1o auto infligido, se trat\u00f3 de personas de sexo masculino y el resto correspondi\u00f3 a una f\u00e9mina.\u00a0<strong>Los rangos de edades van de los 21 a los 58 a\u00f1os<\/strong>. Siete de los involucrados usaron en m\u00e9todo de ahorcamiento y una utiliz\u00f3 un arma de fuego con la que se provoc\u00f3 una lesi\u00f3n mortal en la cabeza.<\/p>\n<h2>L\u00edneas de prevenci\u00f3n contra el suicidio<\/h2>\n<p>Salvemos una vida:\u00a0<strong>924-59-91, 945-37-77 y 075<\/strong><br \/>\nFacebook:\u00a0<strong><a title=\"Salvemos una Vida Radio\" href=\"https:\/\/www.facebook.com\/SalvemosunaVidaRadio\" target=\"_blank\" rel=\"noopener noreferrer\">Salvemos una Vida Radio<\/a><\/strong><br \/>\nPrograma para la atenci\u00f3n del suicidio (PIAS):\u00a0<strong>9993 10-36-62<\/strong><br \/>\nL\u00ednea gratuita de apoyo a la salud mental:\u00a0<strong>800-000-0779<\/strong><br \/>\nL\u00ednea de la Vida:\u00a0<strong>800-911-2000<\/strong><br \/>\nFacebook: L\u00ednea de la Vida.<br \/>\nTwitter e Instagram: @<strong><a title=\"LineaDe_LaVida\" href=\"https:\/\/twitter.com\/LineaDe_LaVida\" target=\"_blank\" rel=\"noopener noreferrer\">LineaDe_LaVida<\/a><\/strong>.<br \/>\nCorreo electr\u00f3nico:\u00a0<a href=\"mailto:lalineadelavida@salud.gob.mx\">lalineadelavida@salud.gob.mx<\/a><br \/>\nL\u00edneas de apoyo emocional: 9994-54-10-81<br \/>\nL\u00ednea Mujer: 800 455 76 72 o 999 923 09 73<\/p>\n<\/div>\n<\/div>\n<\/div>\n","protected":false},"excerpt":{"rendered":"<p>La propuesta est\u00e1 estancada en el escritorio de la edil Juanita Alonso Marrufo. La activaci\u00f3n&#8230;<\/p>\n","protected":false},"author":1,"featured_media":9608,"comment_status":"open","ping_status":"closed","sticky":false,"template":"","format":"standard","meta":{"footnotes":""},"categories":[6,10],"tags":[],"class_list":["post-9606","post","type-post","status-publish","format-standard","has-post-thumbnail","hentry","category-local","category-quintana-roo"],"_links":{"self":[{"href":"https:\/\/sacramentoqr.com\/index.php?rest_route=\/wp\/v2\/posts\/9606","targetHints":{"allow":["GET"]}}],"collection":[{"href":"https:\/\/sacramentoqr.com\/index.php?rest_route=\/wp\/v2\/posts"}],"about":[{"href":"https:\/\/sacramentoqr.com\/index.php?rest_route=\/wp\/v2\/types\/post"}],"author":[{"embeddable":true,"href":"https:\/\/sacramentoqr.com\/index.php?rest_route=\/wp\/v2\/users\/1"}],"replies":[{"embeddable":true,"href":"https:\/\/sacramentoqr.com\/index.php?rest_route=%2Fwp%2Fv2%2Fcomments&post=9606"}],"version-history":[{"count":1,"href":"https:\/\/sacramentoqr.com\/index.php?rest_route=\/wp\/v2\/posts\/9606\/revisions"}],"predecessor-version":[{"id":9607,"href":"https:\/\/sacramentoqr.com\/index.php?rest_route=\/wp\/v2\/posts\/9606\/revisions\/9607"}],"wp:featuredmedia":[{"embeddable":true,"href":"https:\/\/sacramentoqr.com\/index.php?rest_route=\/wp\/v2\/media\/9608"}],"wp:attachment":[{"href":"https:\/\/sacramentoqr.com\/index.php?rest_route=%2Fwp%2Fv2%2Fmedia&parent=9606"}],"wp:term":[{"taxonomy":"category","embeddable":true,"href":"https:\/\/sacramentoqr.com\/index.php?rest_route=%2Fwp%2Fv2%2Fcategories&post=9606"},{"taxonomy":"post_tag","embeddable":true,"href":"https:\/\/sacramentoqr.com\/index.php?rest_route=%2Fwp%2Fv2%2Ftags&post=9606"}],"curies":[{"name":"wp","href":"https:\/\/api.w.org\/{rel}","templated":true}]}}