{"id":9717,"date":"2022-08-28T14:55:36","date_gmt":"2022-08-28T19:55:36","guid":{"rendered":"https:\/\/sacramentoqr.com\/?p=9717"},"modified":"2022-08-26T19:18:44","modified_gmt":"2022-08-26T19:18:44","slug":"la-fpmc-dedica-la-noche-de-baile-una-cana-al-aire-a-los-abuelitos-en-su-dia","status":"publish","type":"post","link":"https:\/\/sacramentoqr.com\/?p=9717","title":{"rendered":"La FPMC dedica la Noche de Baile \u201cUna Cana al Aire\u201d a los abuelitos en su d\u00eda"},"content":{"rendered":"<h4 style=\"text-align: center;\">El evento ser\u00e1 amenizado por el grupo \u201cKarim y su R\u00e1faga de Fuego\u201d<\/h4>\n<div class=\"sharedaddy sd-sharing-enabled\">\n<p>Para celebrar a los abuelitos y abuelitas en su d\u00eda, la Fundaci\u00f3n de Parques y Museos de Cozumel (FPMC) les dedicar\u00e1 el evento Noche de Baile \u201cUna Cana al Aire\u201d, que se llevar\u00e1 a cabo este s\u00e1bado 27 de agosto, en la Explanada de la Bandera, a partir de las 19 horas.<\/p>\n<p>El D\u00eda de los Abuelos se celebra cada a\u00f1o en M\u00e9xico el 28 de agosto desde 1983, como un reconocimiento por su gran labor en la familia y en la sociedad, por ello, la FPMC ofrece esta celebraci\u00f3n para las personas adultas mayores que muchas veces son la m\u00e1s grande influencia de los ni\u00f1os y j\u00f3venes despu\u00e9s de sus padres, y en su mayor\u00eda, son los impulsores de los valores en la sociedad.<\/p>\n<p>Dianela Cervantes Chi, directora de Pedagog\u00eda y Asistencia Social (PAS), inform\u00f3 que esta ocasi\u00f3n la velada musical y de baile tambi\u00e9n tendr\u00e1 sorpresas como la interpretaci\u00f3n de algunas canciones y bailes dedicados a los abuelitos y abuelitas, sobre todo para aquellos bailarines que son asiduos de la Cana al Aire.<\/p>\n<p>Coment\u00f3 que el evento ser\u00e1 amenizado por el grupo \u201cKarim y su R\u00e1faga de Fuego\u201d, encabezados por el musico Oscar Cruz Calvo, que interpretar\u00e1 canciones de diversos g\u00e9neros musicales, entre los que se encuentran salsa, cumbia, son, chachach\u00e1 y danz\u00f3n<\/p>\n<p>Cervantes Chi destac\u00f3 la transcendencia social y atraigo del evento, que conjuga la integraci\u00f3n, la convivencia y punto de encuentro de la poblaci\u00f3n en general, provenientes de diferentes colonias de la Isla, quienes esperan cada \u00faltimo s\u00e1bado del mes para poner en pr\u00e1ctica sus mejores pasos.<\/p>\n<p>Reiter\u00f3 la invitaci\u00f3n al p\u00fablico en general y especialmente a los adultos mayores para que acudan a esta edici\u00f3n de la Cana al Aire, que tendr\u00e1 lugar el s\u00e1bado 27 de agosto, a las 7 PM, en la Explanada de la Bandera.<\/p>\n<\/div>\n","protected":false},"excerpt":{"rendered":"<p>El evento ser\u00e1 amenizado por el grupo \u201cKarim y su R\u00e1faga de Fuego\u201d Para celebrar&#8230;<\/p>\n","protected":false},"author":1,"featured_media":9719,"comment_status":"open","ping_status":"closed","sticky":false,"template":"","format":"standard","meta":{"footnotes":""},"categories":[6,10],"tags":[],"class_list":["post-9717","post","type-post","status-publish","format-standard","has-post-thumbnail","hentry","category-local","category-quintana-roo"],"_links":{"self":[{"href":"https:\/\/sacramentoqr.com\/index.php?rest_route=\/wp\/v2\/posts\/9717","targetHints":{"allow":["GET"]}}],"collection":[{"href":"https:\/\/sacramentoqr.com\/index.php?rest_route=\/wp\/v2\/posts"}],"about":[{"href":"https:\/\/sacramentoqr.com\/index.php?rest_route=\/wp\/v2\/types\/post"}],"author":[{"embeddable":true,"href":"https:\/\/sacramentoqr.com\/index.php?rest_route=\/wp\/v2\/users\/1"}],"replies":[{"embeddable":true,"href":"https:\/\/sacramentoqr.com\/index.php?rest_route=%2Fwp%2Fv2%2Fcomments&post=9717"}],"version-history":[{"count":1,"href":"https:\/\/sacramentoqr.com\/index.php?rest_route=\/wp\/v2\/posts\/9717\/revisions"}],"predecessor-version":[{"id":9718,"href":"https:\/\/sacramentoqr.com\/index.php?rest_route=\/wp\/v2\/posts\/9717\/revisions\/9718"}],"wp:featuredmedia":[{"embeddable":true,"href":"https:\/\/sacramentoqr.com\/index.php?rest_route=\/wp\/v2\/media\/9719"}],"wp:attachment":[{"href":"https:\/\/sacramentoqr.com\/index.php?rest_route=%2Fwp%2Fv2%2Fmedia&parent=9717"}],"wp:term":[{"taxonomy":"category","embeddable":true,"href":"https:\/\/sacramentoqr.com\/index.php?rest_route=%2Fwp%2Fv2%2Fcategories&post=9717"},{"taxonomy":"post_tag","embeddable":true,"href":"https:\/\/sacramentoqr.com\/index.php?rest_route=%2Fwp%2Fv2%2Ftags&post=9717"}],"curies":[{"name":"wp","href":"https:\/\/api.w.org\/{rel}","templated":true}]}}