{"id":9949,"date":"2022-09-11T15:43:04","date_gmt":"2022-09-11T20:43:04","guid":{"rendered":"https:\/\/sacramentoqr.com\/?p=9949"},"modified":"2022-09-12T20:48:23","modified_gmt":"2022-09-12T20:48:23","slug":"una-velada-de-musica-y-sabor-para-descubrir-la-historia-de-mexico","status":"publish","type":"post","link":"https:\/\/sacramentoqr.com\/?p=9949","title":{"rendered":"Una velada de m\u00fasica y sabor para descubrir la historia de M\u00e9xico"},"content":{"rendered":"<p>En la regi\u00f3n de Cuneo tambi\u00e9n se celebra el viernes 16 de septiembre \u201cIl Grito de Dolores\u201d, evento que se revive cada a\u00f1o para conmemorar el hecho que dio inicio a la Guerra de Independencia de M\u00e9xico.<\/p>\n<p>Un momento de la historia mexicana recordado con orgullo.<\/p>\n<p>De hecho, este fue el evento clave que condujo a la firma del Tratado de las Tres Garant\u00edas el 27 de septiembre de 1821, declarando la independencia de M\u00e9xico de Espa\u00f1a.<\/p>\n<p>La comunidad mexicana residente en la zona de Cuneo celebrar\u00e1 la fiesta con m\u00fasica y buena comida el viernes 16 de septiembre a partir de las 20 horas, junto a su hermano, el chef Jos\u00e9 Cristian Mu\u00f1oz Maga\u00f1a, en el restaurante \u201cAl Beau Grosso\u201d de Carro (v\u00eda la autopista). Jos\u00e9 Michel Mu\u00f1oz Magana (due\u00f1o de El Pistolero, popular club mexicano ubicado en el centro de Cuneo v\u00eda Tronero).<\/p>\n<p>El due\u00f1o del Cuneo Mexican Club explica: \u201cEsta fiesta siempre es muy sentida y queremos aprovechar para mostrar una peque\u00f1a parte de nuestra gran historia y nuestra cultura a todos los que quieran acompa\u00f1arnos esta noche. Serviremos deliciosos platos tradicionales y pasaremos horas en nombre de la m\u00fasica con el irresistible mariachi en la maravillosa ubicaci\u00f3n del restaurante Carr\u00f9.<span class=\"Apple-converted-space\">\u00a0<\/span>\u201cEl Gallo\u201d. \u00a1Gracias a la cocina y la m\u00fasica se crear\u00e1 un ambiente incre\u00edble y encantador que estoy seguro conquistar\u00e1 a todos! \u201d.<\/p>\n","protected":false},"excerpt":{"rendered":"<p>En la regi\u00f3n de Cuneo tambi\u00e9n se celebra el viernes 16 de septiembre \u201cIl Grito&#8230;<\/p>\n","protected":false},"author":1,"featured_media":9951,"comment_status":"open","ping_status":"closed","sticky":false,"template":"","format":"standard","meta":{"footnotes":""},"categories":[2,7],"tags":[],"class_list":["post-9949","post","type-post","status-publish","format-standard","has-post-thumbnail","hentry","category-cultural","category-nacional"],"_links":{"self":[{"href":"https:\/\/sacramentoqr.com\/index.php?rest_route=\/wp\/v2\/posts\/9949","targetHints":{"allow":["GET"]}}],"collection":[{"href":"https:\/\/sacramentoqr.com\/index.php?rest_route=\/wp\/v2\/posts"}],"about":[{"href":"https:\/\/sacramentoqr.com\/index.php?rest_route=\/wp\/v2\/types\/post"}],"author":[{"embeddable":true,"href":"https:\/\/sacramentoqr.com\/index.php?rest_route=\/wp\/v2\/users\/1"}],"replies":[{"embeddable":true,"href":"https:\/\/sacramentoqr.com\/index.php?rest_route=%2Fwp%2Fv2%2Fcomments&post=9949"}],"version-history":[{"count":1,"href":"https:\/\/sacramentoqr.com\/index.php?rest_route=\/wp\/v2\/posts\/9949\/revisions"}],"predecessor-version":[{"id":9950,"href":"https:\/\/sacramentoqr.com\/index.php?rest_route=\/wp\/v2\/posts\/9949\/revisions\/9950"}],"wp:featuredmedia":[{"embeddable":true,"href":"https:\/\/sacramentoqr.com\/index.php?rest_route=\/wp\/v2\/media\/9951"}],"wp:attachment":[{"href":"https:\/\/sacramentoqr.com\/index.php?rest_route=%2Fwp%2Fv2%2Fmedia&parent=9949"}],"wp:term":[{"taxonomy":"category","embeddable":true,"href":"https:\/\/sacramentoqr.com\/index.php?rest_route=%2Fwp%2Fv2%2Fcategories&post=9949"},{"taxonomy":"post_tag","embeddable":true,"href":"https:\/\/sacramentoqr.com\/index.php?rest_route=%2Fwp%2Fv2%2Ftags&post=9949"}],"curies":[{"name":"wp","href":"https:\/\/api.w.org\/{rel}","templated":true}]}}