{"id":9976,"date":"2022-09-11T18:40:17","date_gmt":"2022-09-11T23:40:17","guid":{"rendered":"https:\/\/sacramentoqr.com\/?p=9976"},"modified":"2022-09-12T23:41:24","modified_gmt":"2022-09-12T23:41:24","slug":"marcos-velazquez-es-nuevo-lider-del-ultra-355","status":"publish","type":"post","link":"https:\/\/sacramentoqr.com\/?p=9976","title":{"rendered":"Marcos Vel\u00e1zquez es nuevo l\u00edder del ultra 355"},"content":{"rendered":"<p class=\"ql-align-justify\">Con el cozumele\u00f1o Alan Carrillo como gu\u00eda, el triatleta invidente Marcos \u201cLa Leyenda\u201d Vel\u00e1zquez tom\u00f3 por asalto el liderato del Ultra 355 Cozumel, con sensacional actuaci\u00f3n en la lluviosa segunda jornada, en la que impusieron su ley en la etapa de 200 kil\u00f3metros de ciclismo con los que se complementaron los 300 km de esta disciplina que incluye este gran desaf\u00edo deportivo.<\/p>\n<p class=\"ql-align-justify\">Con la ayuda de Alan Carrillo, Marcos Vel\u00e1zquez detuvo el cron\u00f3metro en 06:06:08 tras completar los 200 kil\u00f3metros de bicicleta para escalar el sitio de honor, luego de que se hab\u00edan ubicado en la segunda posici\u00f3n despu\u00e9s de los 5 kil\u00f3metros de nataci\u00f3n y los primeros 100 de ciclismo.<\/p>\n<p class=\"ql-align-justify\">De igual manera, el coreano Jin Song escal\u00f3 la segunda posici\u00f3n con otra buena jornada en la que tuvo un registro de 06:27:32. Mientras que el mexicano Antonio Postigo escal\u00f3 hasta el tercer lugar del ranking, al completar el recorrido de esta jornada con un tiempo de 07:06:44.<\/p>\n<p class=\"ql-align-justify\">A su vez, Scott Weaver, quien en mancuerna con la cozumele\u00f1a Fedra V\u00e1zquez lider\u00f3 la primera etapa, descendi\u00f3 hasta el cuarto pelda\u00f1o con un crono de 07:16:53 en la segunda etapa de este gran desaf\u00edo deportivo con el que Cozumel se ratifica como la isla del triatl\u00f3n.<\/p>\n","protected":false},"excerpt":{"rendered":"<p>Con el cozumele\u00f1o Alan Carrillo como gu\u00eda, el triatleta invidente Marcos \u201cLa Leyenda\u201d Vel\u00e1zquez tom\u00f3&#8230;<\/p>\n","protected":false},"author":1,"featured_media":9978,"comment_status":"open","ping_status":"closed","sticky":false,"template":"","format":"standard","meta":{"footnotes":""},"categories":[6,10],"tags":[],"class_list":["post-9976","post","type-post","status-publish","format-standard","has-post-thumbnail","hentry","category-local","category-quintana-roo"],"_links":{"self":[{"href":"https:\/\/sacramentoqr.com\/index.php?rest_route=\/wp\/v2\/posts\/9976","targetHints":{"allow":["GET"]}}],"collection":[{"href":"https:\/\/sacramentoqr.com\/index.php?rest_route=\/wp\/v2\/posts"}],"about":[{"href":"https:\/\/sacramentoqr.com\/index.php?rest_route=\/wp\/v2\/types\/post"}],"author":[{"embeddable":true,"href":"https:\/\/sacramentoqr.com\/index.php?rest_route=\/wp\/v2\/users\/1"}],"replies":[{"embeddable":true,"href":"https:\/\/sacramentoqr.com\/index.php?rest_route=%2Fwp%2Fv2%2Fcomments&post=9976"}],"version-history":[{"count":1,"href":"https:\/\/sacramentoqr.com\/index.php?rest_route=\/wp\/v2\/posts\/9976\/revisions"}],"predecessor-version":[{"id":9977,"href":"https:\/\/sacramentoqr.com\/index.php?rest_route=\/wp\/v2\/posts\/9976\/revisions\/9977"}],"wp:featuredmedia":[{"embeddable":true,"href":"https:\/\/sacramentoqr.com\/index.php?rest_route=\/wp\/v2\/media\/9978"}],"wp:attachment":[{"href":"https:\/\/sacramentoqr.com\/index.php?rest_route=%2Fwp%2Fv2%2Fmedia&parent=9976"}],"wp:term":[{"taxonomy":"category","embeddable":true,"href":"https:\/\/sacramentoqr.com\/index.php?rest_route=%2Fwp%2Fv2%2Fcategories&post=9976"},{"taxonomy":"post_tag","embeddable":true,"href":"https:\/\/sacramentoqr.com\/index.php?rest_route=%2Fwp%2Fv2%2Ftags&post=9976"}],"curies":[{"name":"wp","href":"https:\/\/api.w.org\/{rel}","templated":true}]}}